{"id":28210,"date":"2025-10-28T14:36:42","date_gmt":"2025-10-28T13:36:42","guid":{"rendered":"https:\/\/www.senzani.com\/?p=28210"},"modified":"2025-12-10T15:18:24","modified_gmt":"2025-12-10T14:18:24","slug":"reconocimiento-luisa-senzani-quirinal","status":"publish","type":"post","link":"https:\/\/www.senzani.com\/es\/reconocimiento-luisa-senzani-quirinal\/","title":{"rendered":"Luisa Quadalti Senzani recibe el t\u00edtulo de \u00abCavaliere del Lavoro\u00bb por parte del presidente de la Rep\u00fablica Italiana, Sergio Mattarella"},"content":{"rendered":"<p>Fue un momento de gran emoci\u00f3n e intensidad el vivido durante la ceremonia en el Palacio del Quirinal, cuando <strong>el Presidente de la Rep\u00fablica Italiana, Sergio Mattarella, otorg\u00f3 a Luisa Quadalti Senzani la distinci\u00f3n de <em>Cavaliere del Lavoro<\/em> (\u00abCaballero del Trabajo\u00bb)<\/strong>.<\/p>\n<p>En presencia de las principales autoridades del Estado Italiano, entre ellas el Ministro de Empresas y Made in Italy, Adolfo Urso, y representantes del Gobierno, del Parlamento y del mundo econ\u00f3mico, se premi\u00f3 a 25 empresarios y otras tantas excelencias italianas: marcas del sector agroalimentario, de la moda y de la manufactura, entre ellas Senzani.<\/p>\n<p><span style=\"font-family: inherit; font-size: inherit; font-style: inherit; font-variant-ligatures: inherit; font-variant-caps: inherit; font-weight: inherit;\">\u00abRecibir este reconocimiento \u2013 dijo Luisa Quadalti Senzani \u2013 <strong>que tambi\u00e9n le fue concedido a mi abuelo, Iro Senzani, fundador de la empresa<\/strong>, representa para m\u00ed un inmenso honor. Mi agradecimiento y mi gratitud van especialmente a los numerosos empleados y colaboradores, a la gran familia Senzani que a lo largo de los a\u00f1os ha contribuido al crecimiento de nuestra empresa, y que me permite mirar con serenidad hacia el futuro. Es sobre todo gracias a ellos que el nombre Senzani es hoy conocido en todo el mundo, sin dejar de mantener firmemente el coraz\u00f3n y las ra\u00edces en nuestra querida tierra, Romagna\u00bb.<\/span><\/p>\n<div>\n<p>La ceremonia, transmitida en directo por televisi\u00f3n en Rai3, fue seguida por el equipo Senzani a trav\u00e9s de un espacio especialmente preparado dentro de la f\u00e1brica de Faenza, para un momento de orgullo colectivo y de compartir.<\/p>\n<\/div>\n<p style=\"text-align: center;\"><img loading=\"lazy\" decoding=\"async\" class=\"aligncenter wp-image-28203\" src=\"https:\/\/www.senzani.com\/wp-content\/uploads\/2025\/10\/92736-1024x683.jpg\" alt=\"\" width=\"800\" height=\"533\" srcset=\"https:\/\/www.senzani.com\/wp-content\/uploads\/2025\/10\/92736-1024x683.jpg 1024w, https:\/\/www.senzani.com\/wp-content\/uploads\/2025\/10\/92736-300x200.jpg 300w, https:\/\/www.senzani.com\/wp-content\/uploads\/2025\/10\/92736-768x512.jpg 768w, https:\/\/www.senzani.com\/wp-content\/uploads\/2025\/10\/92736.jpg 1434w\" sizes=\"auto, (max-width: 800px) 100vw, 800px\" \/><\/p>\n","protected":false},"excerpt":{"rendered":"<p>Fue un momento de gran emoci\u00f3n e intensidad el vivido durante la ceremonia en el Palacio del Quirinal, cuando el Presidente de la Rep\u00fablica Italiana, Sergio Mattarella, otorg\u00f3 a Luisa Quadalti Senzani la distinci\u00f3n de Cavaliere del Lavoro (\u00abCaballero del Trabajo\u00bb). En presencia de las principales autoridades del Estado Italiano, entre ellas el Ministro de [&hellip;]<\/p>\n","protected":false},"author":2,"featured_media":28202,"comment_status":"open","ping_status":"open","sticky":false,"template":"","format":"standard","meta":{"_acf_changed":false,"content-type":"","footnotes":""},"categories":[135],"tags":[],"class_list":["post-28210","post","type-post","status-publish","format-standard","has-post-thumbnail","hentry","category-news"],"acf":[],"yoast_head":"<!-- This site is optimized with the Yoast SEO plugin v27.4 - https:\/\/yoast.com\/product\/yoast-seo-wordpress\/ -->\n<title>Luisa Quadalti Senzani recibe un prestigioso t\u00edtulo | Senzani Brevetti<\/title>\n<meta name=\"description\" content=\"La propietaria de la empresa, nieta del fundador Iro, fue nombrada \u00abCavaliere del Lavoro\u00bb por el Presidente de la Rep\u00fablica Italiana\" \/>\n<meta name=\"robots\" content=\"index, follow, max-snippet:-1, max-image-preview:large, max-video-preview:-1\" \/>\n<link rel=\"canonical\" href=\"https:\/\/www.senzani.com\/es\/reconocimiento-luisa-senzani-quirinal\/\" \/>\n<meta property=\"og:locale\" content=\"es_ES\" \/>\n<meta property=\"og:type\" content=\"article\" \/>\n<meta property=\"og:title\" content=\"Luisa Quadalti Senzani recibe un prestigioso t\u00edtulo | Senzani Brevetti\" \/>\n<meta property=\"og:description\" content=\"La propietaria de la empresa, nieta del fundador Iro, fue nombrada \u00abCavaliere del Lavoro\u00bb por el Presidente de la Rep\u00fablica Italiana\" \/>\n<meta property=\"og:url\" content=\"https:\/\/www.senzani.com\/es\/reconocimiento-luisa-senzani-quirinal\/\" \/>\n<meta property=\"og:site_name\" content=\"Senzani Brevetti S.p.A.\" \/>\n<meta property=\"article:published_time\" content=\"2025-10-28T13:36:42+00:00\" \/>\n<meta property=\"article:modified_time\" content=\"2025-12-10T14:18:24+00:00\" \/>\n<meta property=\"og:image\" content=\"https:\/\/www.senzani.com\/wp-content\/uploads\/2025\/10\/92737.jpg\" \/>\n\t<meta property=\"og:image:width\" content=\"1434\" \/>\n\t<meta property=\"og:image:height\" content=\"956\" \/>\n\t<meta property=\"og:image:type\" content=\"image\/jpeg\" \/>\n<meta name=\"author\" content=\"Integra Solutions\" \/>\n<meta name=\"twitter:card\" content=\"summary_large_image\" \/>\n<meta name=\"twitter:label1\" content=\"Escrito por\" \/>\n\t<meta name=\"twitter:data1\" content=\"Integra Solutions\" \/>\n\t<meta name=\"twitter:label2\" content=\"Tiempo de lectura\" \/>\n\t<meta name=\"twitter:data2\" content=\"5 minutos\" \/>\n<script type=\"application\/ld+json\" class=\"yoast-schema-graph\">{\"@context\":\"https:\\\/\\\/schema.org\",\"@graph\":[{\"@type\":\"Article\",\"@id\":\"https:\\\/\\\/www.senzani.com\\\/es\\\/reconocimiento-luisa-senzani-quirinal\\\/#article\",\"isPartOf\":{\"@id\":\"https:\\\/\\\/www.senzani.com\\\/es\\\/reconocimiento-luisa-senzani-quirinal\\\/\"},\"author\":{\"name\":\"Integra Solutions\",\"@id\":\"https:\\\/\\\/www.senzani.com\\\/es\\\/#\\\/schema\\\/person\\\/0e7fcb21b63bc12f530deb91471560ba\"},\"headline\":\"Luisa Quadalti Senzani recibe el t\u00edtulo de \u00abCavaliere del Lavoro\u00bb por parte del presidente de la Rep\u00fablica Italiana, Sergio Mattarella\",\"datePublished\":\"2025-10-28T13:36:42+00:00\",\"dateModified\":\"2025-12-10T14:18:24+00:00\",\"mainEntityOfPage\":{\"@id\":\"https:\\\/\\\/www.senzani.com\\\/es\\\/reconocimiento-luisa-senzani-quirinal\\\/\"},\"wordCount\":266,\"commentCount\":0,\"publisher\":{\"@id\":\"https:\\\/\\\/www.senzani.com\\\/es\\\/#organization\"},\"image\":{\"@id\":\"https:\\\/\\\/www.senzani.com\\\/es\\\/reconocimiento-luisa-senzani-quirinal\\\/#primaryimage\"},\"thumbnailUrl\":\"https:\\\/\\\/www.senzani.com\\\/wp-content\\\/uploads\\\/2025\\\/10\\\/92737.jpg\",\"articleSection\":[\"News\"],\"inLanguage\":\"es\",\"potentialAction\":[{\"@type\":\"CommentAction\",\"name\":\"Comment\",\"target\":[\"https:\\\/\\\/www.senzani.com\\\/es\\\/reconocimiento-luisa-senzani-quirinal\\\/#respond\"]}]},{\"@type\":\"WebPage\",\"@id\":\"https:\\\/\\\/www.senzani.com\\\/es\\\/reconocimiento-luisa-senzani-quirinal\\\/\",\"url\":\"https:\\\/\\\/www.senzani.com\\\/es\\\/reconocimiento-luisa-senzani-quirinal\\\/\",\"name\":\"Luisa Quadalti Senzani recibe un prestigioso t\u00edtulo | Senzani Brevetti\",\"isPartOf\":{\"@id\":\"https:\\\/\\\/www.senzani.com\\\/es\\\/#website\"},\"primaryImageOfPage\":{\"@id\":\"https:\\\/\\\/www.senzani.com\\\/es\\\/reconocimiento-luisa-senzani-quirinal\\\/#primaryimage\"},\"image\":{\"@id\":\"https:\\\/\\\/www.senzani.com\\\/es\\\/reconocimiento-luisa-senzani-quirinal\\\/#primaryimage\"},\"thumbnailUrl\":\"https:\\\/\\\/www.senzani.com\\\/wp-content\\\/uploads\\\/2025\\\/10\\\/92737.jpg\",\"datePublished\":\"2025-10-28T13:36:42+00:00\",\"dateModified\":\"2025-12-10T14:18:24+00:00\",\"description\":\"La propietaria de la empresa, nieta del fundador Iro, fue nombrada \u00abCavaliere del Lavoro\u00bb por el Presidente de la Rep\u00fablica Italiana\",\"breadcrumb\":{\"@id\":\"https:\\\/\\\/www.senzani.com\\\/es\\\/reconocimiento-luisa-senzani-quirinal\\\/#breadcrumb\"},\"inLanguage\":\"es\",\"potentialAction\":[{\"@type\":\"ReadAction\",\"target\":[\"https:\\\/\\\/www.senzani.com\\\/es\\\/reconocimiento-luisa-senzani-quirinal\\\/\"]}]},{\"@type\":\"ImageObject\",\"inLanguage\":\"es\",\"@id\":\"https:\\\/\\\/www.senzani.com\\\/es\\\/reconocimiento-luisa-senzani-quirinal\\\/#primaryimage\",\"url\":\"https:\\\/\\\/www.senzani.com\\\/wp-content\\\/uploads\\\/2025\\\/10\\\/92737.jpg\",\"contentUrl\":\"https:\\\/\\\/www.senzani.com\\\/wp-content\\\/uploads\\\/2025\\\/10\\\/92737.jpg\",\"width\":1434,\"height\":956},{\"@type\":\"BreadcrumbList\",\"@id\":\"https:\\\/\\\/www.senzani.com\\\/es\\\/reconocimiento-luisa-senzani-quirinal\\\/#breadcrumb\",\"itemListElement\":[{\"@type\":\"ListItem\",\"position\":1,\"name\":\"Home\",\"item\":\"https:\\\/\\\/www.senzani.com\\\/es\\\/\"},{\"@type\":\"ListItem\",\"position\":2,\"name\":\"Luisa Quadalti Senzani recibe el t\u00edtulo de \u00abCavaliere del Lavoro\u00bb por parte del presidente de la Rep\u00fablica Italiana, Sergio Mattarella\"}]},{\"@type\":\"WebSite\",\"@id\":\"https:\\\/\\\/www.senzani.com\\\/es\\\/#website\",\"url\":\"https:\\\/\\\/www.senzani.com\\\/es\\\/\",\"name\":\"Senzani Brevetti S.p.A.\",\"description\":\"Leader nel settore delle macchine per imballaggi\",\"publisher\":{\"@id\":\"https:\\\/\\\/www.senzani.com\\\/es\\\/#organization\"},\"potentialAction\":[{\"@type\":\"SearchAction\",\"target\":{\"@type\":\"EntryPoint\",\"urlTemplate\":\"https:\\\/\\\/www.senzani.com\\\/es\\\/?s={search_term_string}\"},\"query-input\":{\"@type\":\"PropertyValueSpecification\",\"valueRequired\":true,\"valueName\":\"search_term_string\"}}],\"inLanguage\":\"es\"},{\"@type\":\"Organization\",\"@id\":\"https:\\\/\\\/www.senzani.com\\\/es\\\/#organization\",\"name\":\"Senzani Brevetti\",\"url\":\"https:\\\/\\\/www.senzani.com\\\/es\\\/\",\"logo\":{\"@type\":\"ImageObject\",\"inLanguage\":\"es\",\"@id\":\"https:\\\/\\\/www.senzani.com\\\/es\\\/#\\\/schema\\\/logo\\\/image\\\/\",\"url\":\"https:\\\/\\\/www.senzani.com\\\/wp-content\\\/uploads\\\/2020\\\/03\\\/logo-senzani.png\",\"contentUrl\":\"https:\\\/\\\/www.senzani.com\\\/wp-content\\\/uploads\\\/2020\\\/03\\\/logo-senzani.png\",\"width\":259,\"height\":71,\"caption\":\"Senzani Brevetti\"},\"image\":{\"@id\":\"https:\\\/\\\/www.senzani.com\\\/es\\\/#\\\/schema\\\/logo\\\/image\\\/\"}},{\"@type\":\"Person\",\"@id\":\"https:\\\/\\\/www.senzani.com\\\/es\\\/#\\\/schema\\\/person\\\/0e7fcb21b63bc12f530deb91471560ba\",\"name\":\"Integra Solutions\"}]}<\/script>\n<!-- \/ Yoast SEO plugin. -->","yoast_head_json":{"title":"Luisa Quadalti Senzani recibe un prestigioso t\u00edtulo | Senzani Brevetti","description":"La propietaria de la empresa, nieta del fundador Iro, fue nombrada \u00abCavaliere del Lavoro\u00bb por el Presidente de la Rep\u00fablica Italiana","robots":{"index":"index","follow":"follow","max-snippet":"max-snippet:-1","max-image-preview":"max-image-preview:large","max-video-preview":"max-video-preview:-1"},"canonical":"https:\/\/www.senzani.com\/es\/reconocimiento-luisa-senzani-quirinal\/","og_locale":"es_ES","og_type":"article","og_title":"Luisa Quadalti Senzani recibe un prestigioso t\u00edtulo | Senzani Brevetti","og_description":"La propietaria de la empresa, nieta del fundador Iro, fue nombrada \u00abCavaliere del Lavoro\u00bb por el Presidente de la Rep\u00fablica Italiana","og_url":"https:\/\/www.senzani.com\/es\/reconocimiento-luisa-senzani-quirinal\/","og_site_name":"Senzani Brevetti S.p.A.","article_published_time":"2025-10-28T13:36:42+00:00","article_modified_time":"2025-12-10T14:18:24+00:00","og_image":[{"width":1434,"height":956,"url":"https:\/\/www.senzani.com\/wp-content\/uploads\/2025\/10\/92737.jpg","type":"image\/jpeg"}],"author":"Integra Solutions","twitter_card":"summary_large_image","twitter_misc":{"Escrito por":"Integra Solutions","Tiempo de lectura":"5 minutos"},"schema":{"@context":"https:\/\/schema.org","@graph":[{"@type":"Article","@id":"https:\/\/www.senzani.com\/es\/reconocimiento-luisa-senzani-quirinal\/#article","isPartOf":{"@id":"https:\/\/www.senzani.com\/es\/reconocimiento-luisa-senzani-quirinal\/"},"author":{"name":"Integra Solutions","@id":"https:\/\/www.senzani.com\/es\/#\/schema\/person\/0e7fcb21b63bc12f530deb91471560ba"},"headline":"Luisa Quadalti Senzani recibe el t\u00edtulo de \u00abCavaliere del Lavoro\u00bb por parte del presidente de la Rep\u00fablica Italiana, Sergio Mattarella","datePublished":"2025-10-28T13:36:42+00:00","dateModified":"2025-12-10T14:18:24+00:00","mainEntityOfPage":{"@id":"https:\/\/www.senzani.com\/es\/reconocimiento-luisa-senzani-quirinal\/"},"wordCount":266,"commentCount":0,"publisher":{"@id":"https:\/\/www.senzani.com\/es\/#organization"},"image":{"@id":"https:\/\/www.senzani.com\/es\/reconocimiento-luisa-senzani-quirinal\/#primaryimage"},"thumbnailUrl":"https:\/\/www.senzani.com\/wp-content\/uploads\/2025\/10\/92737.jpg","articleSection":["News"],"inLanguage":"es","potentialAction":[{"@type":"CommentAction","name":"Comment","target":["https:\/\/www.senzani.com\/es\/reconocimiento-luisa-senzani-quirinal\/#respond"]}]},{"@type":"WebPage","@id":"https:\/\/www.senzani.com\/es\/reconocimiento-luisa-senzani-quirinal\/","url":"https:\/\/www.senzani.com\/es\/reconocimiento-luisa-senzani-quirinal\/","name":"Luisa Quadalti Senzani recibe un prestigioso t\u00edtulo | Senzani Brevetti","isPartOf":{"@id":"https:\/\/www.senzani.com\/es\/#website"},"primaryImageOfPage":{"@id":"https:\/\/www.senzani.com\/es\/reconocimiento-luisa-senzani-quirinal\/#primaryimage"},"image":{"@id":"https:\/\/www.senzani.com\/es\/reconocimiento-luisa-senzani-quirinal\/#primaryimage"},"thumbnailUrl":"https:\/\/www.senzani.com\/wp-content\/uploads\/2025\/10\/92737.jpg","datePublished":"2025-10-28T13:36:42+00:00","dateModified":"2025-12-10T14:18:24+00:00","description":"La propietaria de la empresa, nieta del fundador Iro, fue nombrada \u00abCavaliere del Lavoro\u00bb por el Presidente de la Rep\u00fablica Italiana","breadcrumb":{"@id":"https:\/\/www.senzani.com\/es\/reconocimiento-luisa-senzani-quirinal\/#breadcrumb"},"inLanguage":"es","potentialAction":[{"@type":"ReadAction","target":["https:\/\/www.senzani.com\/es\/reconocimiento-luisa-senzani-quirinal\/"]}]},{"@type":"ImageObject","inLanguage":"es","@id":"https:\/\/www.senzani.com\/es\/reconocimiento-luisa-senzani-quirinal\/#primaryimage","url":"https:\/\/www.senzani.com\/wp-content\/uploads\/2025\/10\/92737.jpg","contentUrl":"https:\/\/www.senzani.com\/wp-content\/uploads\/2025\/10\/92737.jpg","width":1434,"height":956},{"@type":"BreadcrumbList","@id":"https:\/\/www.senzani.com\/es\/reconocimiento-luisa-senzani-quirinal\/#breadcrumb","itemListElement":[{"@type":"ListItem","position":1,"name":"Home","item":"https:\/\/www.senzani.com\/es\/"},{"@type":"ListItem","position":2,"name":"Luisa Quadalti Senzani recibe el t\u00edtulo de \u00abCavaliere del Lavoro\u00bb por parte del presidente de la Rep\u00fablica Italiana, Sergio Mattarella"}]},{"@type":"WebSite","@id":"https:\/\/www.senzani.com\/es\/#website","url":"https:\/\/www.senzani.com\/es\/","name":"Senzani Brevetti S.p.A.","description":"Leader nel settore delle macchine per imballaggi","publisher":{"@id":"https:\/\/www.senzani.com\/es\/#organization"},"potentialAction":[{"@type":"SearchAction","target":{"@type":"EntryPoint","urlTemplate":"https:\/\/www.senzani.com\/es\/?s={search_term_string}"},"query-input":{"@type":"PropertyValueSpecification","valueRequired":true,"valueName":"search_term_string"}}],"inLanguage":"es"},{"@type":"Organization","@id":"https:\/\/www.senzani.com\/es\/#organization","name":"Senzani Brevetti","url":"https:\/\/www.senzani.com\/es\/","logo":{"@type":"ImageObject","inLanguage":"es","@id":"https:\/\/www.senzani.com\/es\/#\/schema\/logo\/image\/","url":"https:\/\/www.senzani.com\/wp-content\/uploads\/2020\/03\/logo-senzani.png","contentUrl":"https:\/\/www.senzani.com\/wp-content\/uploads\/2020\/03\/logo-senzani.png","width":259,"height":71,"caption":"Senzani Brevetti"},"image":{"@id":"https:\/\/www.senzani.com\/es\/#\/schema\/logo\/image\/"}},{"@type":"Person","@id":"https:\/\/www.senzani.com\/es\/#\/schema\/person\/0e7fcb21b63bc12f530deb91471560ba","name":"Integra Solutions"}]}},"_links":{"self":[{"href":"https:\/\/www.senzani.com\/es\/wp-json\/wp\/v2\/posts\/28210","targetHints":{"allow":["GET"]}}],"collection":[{"href":"https:\/\/www.senzani.com\/es\/wp-json\/wp\/v2\/posts"}],"about":[{"href":"https:\/\/www.senzani.com\/es\/wp-json\/wp\/v2\/types\/post"}],"author":[{"embeddable":true,"href":"https:\/\/www.senzani.com\/es\/wp-json\/wp\/v2\/users\/2"}],"replies":[{"embeddable":true,"href":"https:\/\/www.senzani.com\/es\/wp-json\/wp\/v2\/comments?post=28210"}],"version-history":[{"count":5,"href":"https:\/\/www.senzani.com\/es\/wp-json\/wp\/v2\/posts\/28210\/revisions"}],"predecessor-version":[{"id":28411,"href":"https:\/\/www.senzani.com\/es\/wp-json\/wp\/v2\/posts\/28210\/revisions\/28411"}],"wp:featuredmedia":[{"embeddable":true,"href":"https:\/\/www.senzani.com\/es\/wp-json\/wp\/v2\/media\/28202"}],"wp:attachment":[{"href":"https:\/\/www.senzani.com\/es\/wp-json\/wp\/v2\/media?parent=28210"}],"wp:term":[{"taxonomy":"category","embeddable":true,"href":"https:\/\/www.senzani.com\/es\/wp-json\/wp\/v2\/categories?post=28210"},{"taxonomy":"post_tag","embeddable":true,"href":"https:\/\/www.senzani.com\/es\/wp-json\/wp\/v2\/tags?post=28210"}],"curies":[{"name":"wp","href":"https:\/\/api.w.org\/{rel}","templated":true}]}}