{"id":27311,"date":"2024-10-22T15:08:55","date_gmt":"2024-10-22T13:08:55","guid":{"rendered":"https:\/\/www.senzani.com\/?p=27311"},"modified":"2024-10-31T11:23:59","modified_gmt":"2024-10-31T10:23:59","slug":"pack-expo-2024","status":"publish","type":"post","link":"https:\/\/www.senzani.com\/es\/pack-expo-2024\/","title":{"rendered":"Senzani en Pack Expo con las \u00faltimas tecnolog\u00edas de empaque"},"content":{"rendered":"<p>Son varias las novedades para el mercado americano que Senzani presentar\u00e1 en <strong>Pack Expo<\/strong>, la feria que se celebrar\u00e1 en <strong>Chicago del 3 al 6 de noviembre<\/strong>.<\/p>\n<p>En el <strong>stand N-5776<\/strong>, Senzani expondr\u00e1 una <strong>estuchadora vertical VCM6S para envasar pasta, <\/strong>una m\u00e1quina capaz de manipular 10 tipos de pasta corta y 9 formatos de estuches diferentes a una velocidad de 150 envases por minuto. Desarrollada para funcionar con una balanza multicabezal que realiza la dosificaci\u00f3n del producto, esta estuchadora forma parte de una <strong>l\u00ednea completa<\/strong> que tambi\u00e9n incluye una encajadora wrap-around Senzani y se entregar\u00e1 a la <strong>nueva planta en Canad\u00e1<\/strong> <strong>de Andriani<\/strong>, un hist\u00f3rico productor de pasta sin gluten y a base de cereales y legumbres.<\/p>\n<p>En Pack Expo ser\u00e1 posible ver la VCM6S en funcionamiento, con<strong> demostraciones programadas <\/strong>todos los d\u00edas<strong> a las 10:00, 12:30 y 15:30 horas.<\/strong><\/p>\n<p>La feria tambi\u00e9n ser\u00e1 una oportunidad para presentar al p\u00fablico americano <strong><span style=\"color: #3366ff;\"><a style=\"color: #3366ff;\" href=\"https:\/\/lp.senzani.com\/en\/origami-cartoners\" target=\"_blank\" rel=\"noopener\">ORIGAMI<\/a><\/span><\/strong>,<strong>\u00a0la nueva generaci\u00f3n de estuchadoras Senzani<\/strong> capaces de manipular envases de cart\u00f3n altamente complejos y personalizados. Esta tecnolog\u00eda ya ha conquistado a un gran actor del mercado como <strong>Procter &amp; Gamble<\/strong>: las m\u00e1quinas ORIGAMI fueron elegidas para un proyecto centrado <strong>en la conversi\u00f3n de pl\u00e1stico a cart\u00f3n<\/strong> de los envases de <em>pods<\/em> de detergente l\u00edquido.<\/p>\n","protected":false},"excerpt":{"rendered":"<p>Son varias las novedades para el mercado americano que Senzani presentar\u00e1 en Pack Expo, la feria que se celebrar\u00e1 en Chicago del 3 al 6 de noviembre. En el stand N-5776, Senzani expondr\u00e1 una estuchadora vertical VCM6S para envasar pasta, una m\u00e1quina capaz de manipular 10 tipos de pasta corta y 9 formatos de estuches [&hellip;]<\/p>\n","protected":false},"author":2,"featured_media":27304,"comment_status":"open","ping_status":"open","sticky":false,"template":"","format":"standard","meta":{"_acf_changed":false,"content-type":"","footnotes":""},"categories":[135],"tags":[],"class_list":["post-27311","post","type-post","status-publish","format-standard","has-post-thumbnail","hentry","category-news"],"acf":[],"yoast_head":"<!-- This site is optimized with the Yoast SEO plugin v27.5 - https:\/\/yoast.com\/product\/yoast-seo-wordpress\/ -->\n<title>En Pack Expo con las \u00faltimas tecnolog\u00edas de empaque | Senzani Brevetti<\/title>\n<meta name=\"description\" content=\"En Pack Expo (Chicago, 3-6 noviembre) Senzani presentar\u00e1 sus soluciones para el mercado americano\" \/>\n<meta name=\"robots\" content=\"index, follow, max-snippet:-1, max-image-preview:large, max-video-preview:-1\" \/>\n<link rel=\"canonical\" href=\"https:\/\/www.senzani.com\/es\/pack-expo-2024\/\" \/>\n<meta property=\"og:locale\" content=\"es_ES\" \/>\n<meta property=\"og:type\" content=\"article\" \/>\n<meta property=\"og:title\" content=\"En Pack Expo con las \u00faltimas tecnolog\u00edas de empaque | Senzani Brevetti\" \/>\n<meta property=\"og:description\" content=\"En Pack Expo (Chicago, 3-6 noviembre) Senzani presentar\u00e1 sus soluciones para el mercado americano\" \/>\n<meta property=\"og:url\" content=\"https:\/\/www.senzani.com\/es\/pack-expo-2024\/\" \/>\n<meta property=\"og:site_name\" content=\"Senzani Brevetti S.p.A.\" \/>\n<meta property=\"article:published_time\" content=\"2024-10-22T13:08:55+00:00\" \/>\n<meta property=\"article:modified_time\" content=\"2024-10-31T10:23:59+00:00\" \/>\n<meta property=\"og:image\" content=\"https:\/\/www.senzani.com\/wp-content\/uploads\/2024\/10\/VCM-scaled.jpg\" \/>\n\t<meta property=\"og:image:width\" content=\"2560\" \/>\n\t<meta property=\"og:image:height\" content=\"1707\" \/>\n\t<meta property=\"og:image:type\" content=\"image\/jpeg\" \/>\n<meta name=\"author\" content=\"Integra Solutions\" \/>\n<meta name=\"twitter:card\" content=\"summary_large_image\" \/>\n<meta name=\"twitter:label1\" content=\"Escrito por\" \/>\n\t<meta name=\"twitter:data1\" content=\"Integra Solutions\" \/>\n\t<meta name=\"twitter:label2\" content=\"Tiempo de lectura\" \/>\n\t<meta name=\"twitter:data2\" content=\"1 minuto\" \/>\n<script type=\"application\/ld+json\" class=\"yoast-schema-graph\">{\"@context\":\"https:\\\/\\\/schema.org\",\"@graph\":[{\"@type\":\"Article\",\"@id\":\"https:\\\/\\\/www.senzani.com\\\/es\\\/pack-expo-2024\\\/#article\",\"isPartOf\":{\"@id\":\"https:\\\/\\\/www.senzani.com\\\/es\\\/pack-expo-2024\\\/\"},\"author\":{\"name\":\"Integra Solutions\",\"@id\":\"https:\\\/\\\/www.senzani.com\\\/es\\\/#\\\/schema\\\/person\\\/0e7fcb21b63bc12f530deb91471560ba\"},\"headline\":\"Senzani en Pack Expo con las \u00faltimas tecnolog\u00edas de empaque\",\"datePublished\":\"2024-10-22T13:08:55+00:00\",\"dateModified\":\"2024-10-31T10:23:59+00:00\",\"mainEntityOfPage\":{\"@id\":\"https:\\\/\\\/www.senzani.com\\\/es\\\/pack-expo-2024\\\/\"},\"wordCount\":228,\"commentCount\":0,\"publisher\":{\"@id\":\"https:\\\/\\\/www.senzani.com\\\/es\\\/#organization\"},\"image\":{\"@id\":\"https:\\\/\\\/www.senzani.com\\\/es\\\/pack-expo-2024\\\/#primaryimage\"},\"thumbnailUrl\":\"https:\\\/\\\/www.senzani.com\\\/wp-content\\\/uploads\\\/2024\\\/10\\\/VCM-scaled.jpg\",\"articleSection\":[\"News\"],\"inLanguage\":\"es\",\"potentialAction\":[{\"@type\":\"CommentAction\",\"name\":\"Comment\",\"target\":[\"https:\\\/\\\/www.senzani.com\\\/es\\\/pack-expo-2024\\\/#respond\"]}]},{\"@type\":\"WebPage\",\"@id\":\"https:\\\/\\\/www.senzani.com\\\/es\\\/pack-expo-2024\\\/\",\"url\":\"https:\\\/\\\/www.senzani.com\\\/es\\\/pack-expo-2024\\\/\",\"name\":\"En Pack Expo con las \u00faltimas tecnolog\u00edas de empaque | Senzani Brevetti\",\"isPartOf\":{\"@id\":\"https:\\\/\\\/www.senzani.com\\\/es\\\/#website\"},\"primaryImageOfPage\":{\"@id\":\"https:\\\/\\\/www.senzani.com\\\/es\\\/pack-expo-2024\\\/#primaryimage\"},\"image\":{\"@id\":\"https:\\\/\\\/www.senzani.com\\\/es\\\/pack-expo-2024\\\/#primaryimage\"},\"thumbnailUrl\":\"https:\\\/\\\/www.senzani.com\\\/wp-content\\\/uploads\\\/2024\\\/10\\\/VCM-scaled.jpg\",\"datePublished\":\"2024-10-22T13:08:55+00:00\",\"dateModified\":\"2024-10-31T10:23:59+00:00\",\"description\":\"En Pack Expo (Chicago, 3-6 noviembre) Senzani presentar\u00e1 sus soluciones para el mercado americano\",\"breadcrumb\":{\"@id\":\"https:\\\/\\\/www.senzani.com\\\/es\\\/pack-expo-2024\\\/#breadcrumb\"},\"inLanguage\":\"es\",\"potentialAction\":[{\"@type\":\"ReadAction\",\"target\":[\"https:\\\/\\\/www.senzani.com\\\/es\\\/pack-expo-2024\\\/\"]}]},{\"@type\":\"ImageObject\",\"inLanguage\":\"es\",\"@id\":\"https:\\\/\\\/www.senzani.com\\\/es\\\/pack-expo-2024\\\/#primaryimage\",\"url\":\"https:\\\/\\\/www.senzani.com\\\/wp-content\\\/uploads\\\/2024\\\/10\\\/VCM-scaled.jpg\",\"contentUrl\":\"https:\\\/\\\/www.senzani.com\\\/wp-content\\\/uploads\\\/2024\\\/10\\\/VCM-scaled.jpg\",\"width\":2560,\"height\":1707},{\"@type\":\"BreadcrumbList\",\"@id\":\"https:\\\/\\\/www.senzani.com\\\/es\\\/pack-expo-2024\\\/#breadcrumb\",\"itemListElement\":[{\"@type\":\"ListItem\",\"position\":1,\"name\":\"Home\",\"item\":\"https:\\\/\\\/www.senzani.com\\\/es\\\/\"},{\"@type\":\"ListItem\",\"position\":2,\"name\":\"Senzani en Pack Expo con las \u00faltimas tecnolog\u00edas de empaque\"}]},{\"@type\":\"WebSite\",\"@id\":\"https:\\\/\\\/www.senzani.com\\\/es\\\/#website\",\"url\":\"https:\\\/\\\/www.senzani.com\\\/es\\\/\",\"name\":\"Senzani Brevetti S.p.A.\",\"description\":\"Leader nel settore delle macchine per imballaggi\",\"publisher\":{\"@id\":\"https:\\\/\\\/www.senzani.com\\\/es\\\/#organization\"},\"potentialAction\":[{\"@type\":\"SearchAction\",\"target\":{\"@type\":\"EntryPoint\",\"urlTemplate\":\"https:\\\/\\\/www.senzani.com\\\/es\\\/?s={search_term_string}\"},\"query-input\":{\"@type\":\"PropertyValueSpecification\",\"valueRequired\":true,\"valueName\":\"search_term_string\"}}],\"inLanguage\":\"es\"},{\"@type\":\"Organization\",\"@id\":\"https:\\\/\\\/www.senzani.com\\\/es\\\/#organization\",\"name\":\"Senzani Brevetti\",\"url\":\"https:\\\/\\\/www.senzani.com\\\/es\\\/\",\"logo\":{\"@type\":\"ImageObject\",\"inLanguage\":\"es\",\"@id\":\"https:\\\/\\\/www.senzani.com\\\/es\\\/#\\\/schema\\\/logo\\\/image\\\/\",\"url\":\"https:\\\/\\\/www.senzani.com\\\/wp-content\\\/uploads\\\/2020\\\/03\\\/logo-senzani.png\",\"contentUrl\":\"https:\\\/\\\/www.senzani.com\\\/wp-content\\\/uploads\\\/2020\\\/03\\\/logo-senzani.png\",\"width\":259,\"height\":71,\"caption\":\"Senzani Brevetti\"},\"image\":{\"@id\":\"https:\\\/\\\/www.senzani.com\\\/es\\\/#\\\/schema\\\/logo\\\/image\\\/\"}},{\"@type\":\"Person\",\"@id\":\"https:\\\/\\\/www.senzani.com\\\/es\\\/#\\\/schema\\\/person\\\/0e7fcb21b63bc12f530deb91471560ba\",\"name\":\"Integra Solutions\"}]}<\/script>\n<!-- \/ Yoast SEO plugin. -->","yoast_head_json":{"title":"En Pack Expo con las \u00faltimas tecnolog\u00edas de empaque | Senzani Brevetti","description":"En Pack Expo (Chicago, 3-6 noviembre) Senzani presentar\u00e1 sus soluciones para el mercado americano","robots":{"index":"index","follow":"follow","max-snippet":"max-snippet:-1","max-image-preview":"max-image-preview:large","max-video-preview":"max-video-preview:-1"},"canonical":"https:\/\/www.senzani.com\/es\/pack-expo-2024\/","og_locale":"es_ES","og_type":"article","og_title":"En Pack Expo con las \u00faltimas tecnolog\u00edas de empaque | Senzani Brevetti","og_description":"En Pack Expo (Chicago, 3-6 noviembre) Senzani presentar\u00e1 sus soluciones para el mercado americano","og_url":"https:\/\/www.senzani.com\/es\/pack-expo-2024\/","og_site_name":"Senzani Brevetti S.p.A.","article_published_time":"2024-10-22T13:08:55+00:00","article_modified_time":"2024-10-31T10:23:59+00:00","og_image":[{"width":2560,"height":1707,"url":"https:\/\/www.senzani.com\/wp-content\/uploads\/2024\/10\/VCM-scaled.jpg","type":"image\/jpeg"}],"author":"Integra Solutions","twitter_card":"summary_large_image","twitter_misc":{"Escrito por":"Integra Solutions","Tiempo de lectura":"1 minuto"},"schema":{"@context":"https:\/\/schema.org","@graph":[{"@type":"Article","@id":"https:\/\/www.senzani.com\/es\/pack-expo-2024\/#article","isPartOf":{"@id":"https:\/\/www.senzani.com\/es\/pack-expo-2024\/"},"author":{"name":"Integra Solutions","@id":"https:\/\/www.senzani.com\/es\/#\/schema\/person\/0e7fcb21b63bc12f530deb91471560ba"},"headline":"Senzani en Pack Expo con las \u00faltimas tecnolog\u00edas de empaque","datePublished":"2024-10-22T13:08:55+00:00","dateModified":"2024-10-31T10:23:59+00:00","mainEntityOfPage":{"@id":"https:\/\/www.senzani.com\/es\/pack-expo-2024\/"},"wordCount":228,"commentCount":0,"publisher":{"@id":"https:\/\/www.senzani.com\/es\/#organization"},"image":{"@id":"https:\/\/www.senzani.com\/es\/pack-expo-2024\/#primaryimage"},"thumbnailUrl":"https:\/\/www.senzani.com\/wp-content\/uploads\/2024\/10\/VCM-scaled.jpg","articleSection":["News"],"inLanguage":"es","potentialAction":[{"@type":"CommentAction","name":"Comment","target":["https:\/\/www.senzani.com\/es\/pack-expo-2024\/#respond"]}]},{"@type":"WebPage","@id":"https:\/\/www.senzani.com\/es\/pack-expo-2024\/","url":"https:\/\/www.senzani.com\/es\/pack-expo-2024\/","name":"En Pack Expo con las \u00faltimas tecnolog\u00edas de empaque | Senzani Brevetti","isPartOf":{"@id":"https:\/\/www.senzani.com\/es\/#website"},"primaryImageOfPage":{"@id":"https:\/\/www.senzani.com\/es\/pack-expo-2024\/#primaryimage"},"image":{"@id":"https:\/\/www.senzani.com\/es\/pack-expo-2024\/#primaryimage"},"thumbnailUrl":"https:\/\/www.senzani.com\/wp-content\/uploads\/2024\/10\/VCM-scaled.jpg","datePublished":"2024-10-22T13:08:55+00:00","dateModified":"2024-10-31T10:23:59+00:00","description":"En Pack Expo (Chicago, 3-6 noviembre) Senzani presentar\u00e1 sus soluciones para el mercado americano","breadcrumb":{"@id":"https:\/\/www.senzani.com\/es\/pack-expo-2024\/#breadcrumb"},"inLanguage":"es","potentialAction":[{"@type":"ReadAction","target":["https:\/\/www.senzani.com\/es\/pack-expo-2024\/"]}]},{"@type":"ImageObject","inLanguage":"es","@id":"https:\/\/www.senzani.com\/es\/pack-expo-2024\/#primaryimage","url":"https:\/\/www.senzani.com\/wp-content\/uploads\/2024\/10\/VCM-scaled.jpg","contentUrl":"https:\/\/www.senzani.com\/wp-content\/uploads\/2024\/10\/VCM-scaled.jpg","width":2560,"height":1707},{"@type":"BreadcrumbList","@id":"https:\/\/www.senzani.com\/es\/pack-expo-2024\/#breadcrumb","itemListElement":[{"@type":"ListItem","position":1,"name":"Home","item":"https:\/\/www.senzani.com\/es\/"},{"@type":"ListItem","position":2,"name":"Senzani en Pack Expo con las \u00faltimas tecnolog\u00edas de empaque"}]},{"@type":"WebSite","@id":"https:\/\/www.senzani.com\/es\/#website","url":"https:\/\/www.senzani.com\/es\/","name":"Senzani Brevetti S.p.A.","description":"Leader nel settore delle macchine per imballaggi","publisher":{"@id":"https:\/\/www.senzani.com\/es\/#organization"},"potentialAction":[{"@type":"SearchAction","target":{"@type":"EntryPoint","urlTemplate":"https:\/\/www.senzani.com\/es\/?s={search_term_string}"},"query-input":{"@type":"PropertyValueSpecification","valueRequired":true,"valueName":"search_term_string"}}],"inLanguage":"es"},{"@type":"Organization","@id":"https:\/\/www.senzani.com\/es\/#organization","name":"Senzani Brevetti","url":"https:\/\/www.senzani.com\/es\/","logo":{"@type":"ImageObject","inLanguage":"es","@id":"https:\/\/www.senzani.com\/es\/#\/schema\/logo\/image\/","url":"https:\/\/www.senzani.com\/wp-content\/uploads\/2020\/03\/logo-senzani.png","contentUrl":"https:\/\/www.senzani.com\/wp-content\/uploads\/2020\/03\/logo-senzani.png","width":259,"height":71,"caption":"Senzani Brevetti"},"image":{"@id":"https:\/\/www.senzani.com\/es\/#\/schema\/logo\/image\/"}},{"@type":"Person","@id":"https:\/\/www.senzani.com\/es\/#\/schema\/person\/0e7fcb21b63bc12f530deb91471560ba","name":"Integra Solutions"}]}},"_links":{"self":[{"href":"https:\/\/www.senzani.com\/es\/wp-json\/wp\/v2\/posts\/27311","targetHints":{"allow":["GET"]}}],"collection":[{"href":"https:\/\/www.senzani.com\/es\/wp-json\/wp\/v2\/posts"}],"about":[{"href":"https:\/\/www.senzani.com\/es\/wp-json\/wp\/v2\/types\/post"}],"author":[{"embeddable":true,"href":"https:\/\/www.senzani.com\/es\/wp-json\/wp\/v2\/users\/2"}],"replies":[{"embeddable":true,"href":"https:\/\/www.senzani.com\/es\/wp-json\/wp\/v2\/comments?post=27311"}],"version-history":[{"count":6,"href":"https:\/\/www.senzani.com\/es\/wp-json\/wp\/v2\/posts\/27311\/revisions"}],"predecessor-version":[{"id":27336,"href":"https:\/\/www.senzani.com\/es\/wp-json\/wp\/v2\/posts\/27311\/revisions\/27336"}],"wp:featuredmedia":[{"embeddable":true,"href":"https:\/\/www.senzani.com\/es\/wp-json\/wp\/v2\/media\/27304"}],"wp:attachment":[{"href":"https:\/\/www.senzani.com\/es\/wp-json\/wp\/v2\/media?parent=27311"}],"wp:term":[{"taxonomy":"category","embeddable":true,"href":"https:\/\/www.senzani.com\/es\/wp-json\/wp\/v2\/categories?post=27311"},{"taxonomy":"post_tag","embeddable":true,"href":"https:\/\/www.senzani.com\/es\/wp-json\/wp\/v2\/tags?post=27311"}],"curies":[{"name":"wp","href":"https:\/\/api.w.org\/{rel}","templated":true}]}}