{"id":28209,"date":"2025-10-28T14:36:42","date_gmt":"2025-10-28T13:36:42","guid":{"rendered":"https:\/\/www.senzani.com\/?p=28209"},"modified":"2025-11-24T12:26:21","modified_gmt":"2025-11-24T11:26:21","slug":"luisa-senzani-im-quirinalpalast-geehrt","status":"publish","type":"post","link":"https:\/\/www.senzani.com\/de\/luisa-senzani-im-quirinalpalast-geehrt\/","title":{"rendered":"Senzani-CEO mit prestigetr\u00e4chtigem Titel geehrt"},"content":{"rendered":"<p>Es war ein zutiefst bewegender Moment, als <strong>Sergio Mattarella, Pr\u00e4sident der Italienischen Republik, Luisa Quadalti Senzani<\/strong> w\u00e4hrend einer Zeremonie im Quirinalspalast <strong>mit dem Titel <em>Cavaliere del Lavoro<\/em> (\u201eRitter der Arbeit\u201c) auszeichnete<\/strong>.<\/p>\n<p>An der Veranstaltung nahmen die h\u00f6chsten Staatsautorit\u00e4ten teil, darunter Adolfo Urso, Wirtschaftsminister, sowie Vertreter der italienischen Regierung, des Parlaments und der Wirtschaft. Insgesamt wurden 25 Pers\u00f6nlichkeiten der Lebensmittel-, Mode-, und Fertigungsindustrie geehrt \u2013 darunter auch Senzani.<\/p>\n<p>\u201eDiese Auszeichnung zu erhalten\u201c, sagte Luisa Quadalti Senzani, \u201e<strong>die auch meinem Gro\u00dfvater, Iro Senzani, dem Gr\u00fcnder unseres Unternehmens, verliehen wurde<\/strong>, ist eine gro\u00dfe Ehre. Mein besonderer Dank gilt unseren Mitarbeitern und Partnern \u2013 der Senzani-\u201aFamilie\u2018 \u2013, die zum Wachstum unserer Firma beigetragen haben und mir erm\u00f6glichen, mit Zuversicht in die Zukunft zu blicken. Ihnen ist es zu verdanken, dass der Name Senzani heute weltweit bekannt ist und dennoch tief in unserer geliebten Heimat, der Romagna, verwurzelt bleibt.\u201c<\/p>\n<p>Die Zeremonie wurde live im italienischen Fernsehen \u00fcbertragen. In den R\u00e4umlichkeiten von Senzani in Faenza versammelte sich das gesamte Team, um die Veranstaltung gemeinsam zu verfolgen \u2013 ein Moment des gemeinsamen Stolzes und der Feier.<\/p>\n<p style=\"text-align: center;\"><img loading=\"lazy\" decoding=\"async\" class=\"aligncenter wp-image-28203\" src=\"https:\/\/www.senzani.com\/wp-content\/uploads\/2025\/10\/92736-1024x683.jpg\" alt=\"\" width=\"800\" height=\"533\" srcset=\"https:\/\/www.senzani.com\/wp-content\/uploads\/2025\/10\/92736-1024x683.jpg 1024w, https:\/\/www.senzani.com\/wp-content\/uploads\/2025\/10\/92736-300x200.jpg 300w, https:\/\/www.senzani.com\/wp-content\/uploads\/2025\/10\/92736-768x512.jpg 768w, https:\/\/www.senzani.com\/wp-content\/uploads\/2025\/10\/92736.jpg 1434w\" sizes=\"auto, (max-width: 800px) 100vw, 800px\" \/><\/p>\n","protected":false},"excerpt":{"rendered":"<p>Es war ein zutiefst bewegender Moment, als Sergio Mattarella, Pr\u00e4sident der Italienischen Republik, Luisa Quadalti Senzani w\u00e4hrend einer Zeremonie im Quirinalspalast mit dem Titel Cavaliere del Lavoro (\u201eRitter der Arbeit\u201c) auszeichnete. An der Veranstaltung nahmen die h\u00f6chsten Staatsautorit\u00e4ten teil, darunter Adolfo Urso, Wirtschaftsminister, sowie Vertreter der italienischen Regierung, des Parlaments und der Wirtschaft. Insgesamt wurden [&hellip;]<\/p>\n","protected":false},"author":2,"featured_media":28201,"comment_status":"open","ping_status":"open","sticky":false,"template":"","format":"standard","meta":{"_acf_changed":false,"content-type":"","footnotes":""},"categories":[136],"tags":[],"class_list":["post-28209","post","type-post","status-publish","format-standard","has-post-thumbnail","hentry","category-news"],"acf":[],"yoast_head":"<!-- This site is optimized with the Yoast SEO plugin v27.4 - https:\/\/yoast.com\/product\/yoast-seo-wordpress\/ -->\n<title>Senzani-CEO mit prestigetr\u00e4chtigem Titel geehrt | Senzani Brevetti<\/title>\n<meta name=\"description\" content=\"Luisa Quadalti Senzani, Enkelin des Gr\u00fcnders Iro, wurde vom Pr\u00e4sidenten der Italienischen Republik zur \u201eCavaliere del Lavoro\u201c ernannt\" \/>\n<meta name=\"robots\" content=\"index, follow, max-snippet:-1, max-image-preview:large, max-video-preview:-1\" \/>\n<link rel=\"canonical\" href=\"https:\/\/www.senzani.com\/de\/luisa-senzani-im-quirinalpalast-geehrt\/\" \/>\n<meta property=\"og:locale\" content=\"de_DE\" \/>\n<meta property=\"og:type\" content=\"article\" \/>\n<meta property=\"og:title\" content=\"Senzani-CEO mit prestigetr\u00e4chtigem Titel geehrt | Senzani Brevetti\" \/>\n<meta property=\"og:description\" content=\"Luisa Quadalti Senzani, Enkelin des Gr\u00fcnders Iro, wurde vom Pr\u00e4sidenten der Italienischen Republik zur \u201eCavaliere del Lavoro\u201c ernannt\" \/>\n<meta property=\"og:url\" content=\"https:\/\/www.senzani.com\/de\/luisa-senzani-im-quirinalpalast-geehrt\/\" \/>\n<meta property=\"og:site_name\" content=\"Senzani Brevetti S.p.A.\" \/>\n<meta property=\"article:published_time\" content=\"2025-10-28T13:36:42+00:00\" \/>\n<meta property=\"article:modified_time\" content=\"2025-11-24T11:26:21+00:00\" \/>\n<meta property=\"og:image\" content=\"https:\/\/www.senzani.com\/wp-content\/uploads\/2025\/10\/92737.jpg\" \/>\n\t<meta property=\"og:image:width\" content=\"1434\" \/>\n\t<meta property=\"og:image:height\" content=\"956\" \/>\n\t<meta property=\"og:image:type\" content=\"image\/jpeg\" \/>\n<meta name=\"author\" content=\"Integra Solutions\" \/>\n<meta name=\"twitter:card\" content=\"summary_large_image\" \/>\n<meta name=\"twitter:label1\" content=\"Verfasst von\" \/>\n\t<meta name=\"twitter:data1\" content=\"Integra Solutions\" \/>\n\t<meta name=\"twitter:label2\" content=\"Gesch\u00e4tzte Lesezeit\" \/>\n\t<meta name=\"twitter:data2\" content=\"5\u00a0Minuten\" \/>\n<script type=\"application\/ld+json\" class=\"yoast-schema-graph\">{\"@context\":\"https:\\\/\\\/schema.org\",\"@graph\":[{\"@type\":\"Article\",\"@id\":\"https:\\\/\\\/www.senzani.com\\\/de\\\/luisa-senzani-im-quirinalpalast-geehrt\\\/#article\",\"isPartOf\":{\"@id\":\"https:\\\/\\\/www.senzani.com\\\/de\\\/luisa-senzani-im-quirinalpalast-geehrt\\\/\"},\"author\":{\"name\":\"Integra Solutions\",\"@id\":\"https:\\\/\\\/www.senzani.com\\\/de\\\/#\\\/schema\\\/person\\\/0e7fcb21b63bc12f530deb91471560ba\"},\"headline\":\"Senzani-CEO mit prestigetr\u00e4chtigem Titel geehrt\",\"datePublished\":\"2025-10-28T13:36:42+00:00\",\"dateModified\":\"2025-11-24T11:26:21+00:00\",\"mainEntityOfPage\":{\"@id\":\"https:\\\/\\\/www.senzani.com\\\/de\\\/luisa-senzani-im-quirinalpalast-geehrt\\\/\"},\"wordCount\":191,\"commentCount\":0,\"publisher\":{\"@id\":\"https:\\\/\\\/www.senzani.com\\\/de\\\/#organization\"},\"image\":{\"@id\":\"https:\\\/\\\/www.senzani.com\\\/de\\\/luisa-senzani-im-quirinalpalast-geehrt\\\/#primaryimage\"},\"thumbnailUrl\":\"https:\\\/\\\/www.senzani.com\\\/wp-content\\\/uploads\\\/2025\\\/10\\\/92737.jpg\",\"articleSection\":[\"News\"],\"inLanguage\":\"de\",\"potentialAction\":[{\"@type\":\"CommentAction\",\"name\":\"Comment\",\"target\":[\"https:\\\/\\\/www.senzani.com\\\/de\\\/luisa-senzani-im-quirinalpalast-geehrt\\\/#respond\"]}]},{\"@type\":\"WebPage\",\"@id\":\"https:\\\/\\\/www.senzani.com\\\/de\\\/luisa-senzani-im-quirinalpalast-geehrt\\\/\",\"url\":\"https:\\\/\\\/www.senzani.com\\\/de\\\/luisa-senzani-im-quirinalpalast-geehrt\\\/\",\"name\":\"Senzani-CEO mit prestigetr\u00e4chtigem Titel geehrt | Senzani Brevetti\",\"isPartOf\":{\"@id\":\"https:\\\/\\\/www.senzani.com\\\/de\\\/#website\"},\"primaryImageOfPage\":{\"@id\":\"https:\\\/\\\/www.senzani.com\\\/de\\\/luisa-senzani-im-quirinalpalast-geehrt\\\/#primaryimage\"},\"image\":{\"@id\":\"https:\\\/\\\/www.senzani.com\\\/de\\\/luisa-senzani-im-quirinalpalast-geehrt\\\/#primaryimage\"},\"thumbnailUrl\":\"https:\\\/\\\/www.senzani.com\\\/wp-content\\\/uploads\\\/2025\\\/10\\\/92737.jpg\",\"datePublished\":\"2025-10-28T13:36:42+00:00\",\"dateModified\":\"2025-11-24T11:26:21+00:00\",\"description\":\"Luisa Quadalti Senzani, Enkelin des Gr\u00fcnders Iro, wurde vom Pr\u00e4sidenten der Italienischen Republik zur \u201eCavaliere del Lavoro\u201c ernannt\",\"breadcrumb\":{\"@id\":\"https:\\\/\\\/www.senzani.com\\\/de\\\/luisa-senzani-im-quirinalpalast-geehrt\\\/#breadcrumb\"},\"inLanguage\":\"de\",\"potentialAction\":[{\"@type\":\"ReadAction\",\"target\":[\"https:\\\/\\\/www.senzani.com\\\/de\\\/luisa-senzani-im-quirinalpalast-geehrt\\\/\"]}]},{\"@type\":\"ImageObject\",\"inLanguage\":\"de\",\"@id\":\"https:\\\/\\\/www.senzani.com\\\/de\\\/luisa-senzani-im-quirinalpalast-geehrt\\\/#primaryimage\",\"url\":\"https:\\\/\\\/www.senzani.com\\\/wp-content\\\/uploads\\\/2025\\\/10\\\/92737.jpg\",\"contentUrl\":\"https:\\\/\\\/www.senzani.com\\\/wp-content\\\/uploads\\\/2025\\\/10\\\/92737.jpg\",\"width\":1434,\"height\":956},{\"@type\":\"BreadcrumbList\",\"@id\":\"https:\\\/\\\/www.senzani.com\\\/de\\\/luisa-senzani-im-quirinalpalast-geehrt\\\/#breadcrumb\",\"itemListElement\":[{\"@type\":\"ListItem\",\"position\":1,\"name\":\"Home\",\"item\":\"https:\\\/\\\/www.senzani.com\\\/de\\\/\"},{\"@type\":\"ListItem\",\"position\":2,\"name\":\"Senzani-CEO mit prestigetr\u00e4chtigem Titel geehrt\"}]},{\"@type\":\"WebSite\",\"@id\":\"https:\\\/\\\/www.senzani.com\\\/de\\\/#website\",\"url\":\"https:\\\/\\\/www.senzani.com\\\/de\\\/\",\"name\":\"Senzani Brevetti S.p.A.\",\"description\":\"Leader nel settore delle macchine per imballaggi\",\"publisher\":{\"@id\":\"https:\\\/\\\/www.senzani.com\\\/de\\\/#organization\"},\"potentialAction\":[{\"@type\":\"SearchAction\",\"target\":{\"@type\":\"EntryPoint\",\"urlTemplate\":\"https:\\\/\\\/www.senzani.com\\\/de\\\/?s={search_term_string}\"},\"query-input\":{\"@type\":\"PropertyValueSpecification\",\"valueRequired\":true,\"valueName\":\"search_term_string\"}}],\"inLanguage\":\"de\"},{\"@type\":\"Organization\",\"@id\":\"https:\\\/\\\/www.senzani.com\\\/de\\\/#organization\",\"name\":\"Senzani Brevetti\",\"url\":\"https:\\\/\\\/www.senzani.com\\\/de\\\/\",\"logo\":{\"@type\":\"ImageObject\",\"inLanguage\":\"de\",\"@id\":\"https:\\\/\\\/www.senzani.com\\\/de\\\/#\\\/schema\\\/logo\\\/image\\\/\",\"url\":\"https:\\\/\\\/www.senzani.com\\\/wp-content\\\/uploads\\\/2020\\\/03\\\/logo-senzani.png\",\"contentUrl\":\"https:\\\/\\\/www.senzani.com\\\/wp-content\\\/uploads\\\/2020\\\/03\\\/logo-senzani.png\",\"width\":259,\"height\":71,\"caption\":\"Senzani Brevetti\"},\"image\":{\"@id\":\"https:\\\/\\\/www.senzani.com\\\/de\\\/#\\\/schema\\\/logo\\\/image\\\/\"}},{\"@type\":\"Person\",\"@id\":\"https:\\\/\\\/www.senzani.com\\\/de\\\/#\\\/schema\\\/person\\\/0e7fcb21b63bc12f530deb91471560ba\",\"name\":\"Integra Solutions\"}]}<\/script>\n<!-- \/ Yoast SEO plugin. -->","yoast_head_json":{"title":"Senzani-CEO mit prestigetr\u00e4chtigem Titel geehrt | Senzani Brevetti","description":"Luisa Quadalti Senzani, Enkelin des Gr\u00fcnders Iro, wurde vom Pr\u00e4sidenten der Italienischen Republik zur \u201eCavaliere del Lavoro\u201c ernannt","robots":{"index":"index","follow":"follow","max-snippet":"max-snippet:-1","max-image-preview":"max-image-preview:large","max-video-preview":"max-video-preview:-1"},"canonical":"https:\/\/www.senzani.com\/de\/luisa-senzani-im-quirinalpalast-geehrt\/","og_locale":"de_DE","og_type":"article","og_title":"Senzani-CEO mit prestigetr\u00e4chtigem Titel geehrt | Senzani Brevetti","og_description":"Luisa Quadalti Senzani, Enkelin des Gr\u00fcnders Iro, wurde vom Pr\u00e4sidenten der Italienischen Republik zur \u201eCavaliere del Lavoro\u201c ernannt","og_url":"https:\/\/www.senzani.com\/de\/luisa-senzani-im-quirinalpalast-geehrt\/","og_site_name":"Senzani Brevetti S.p.A.","article_published_time":"2025-10-28T13:36:42+00:00","article_modified_time":"2025-11-24T11:26:21+00:00","og_image":[{"width":1434,"height":956,"url":"https:\/\/www.senzani.com\/wp-content\/uploads\/2025\/10\/92737.jpg","type":"image\/jpeg"}],"author":"Integra Solutions","twitter_card":"summary_large_image","twitter_misc":{"Verfasst von":"Integra Solutions","Gesch\u00e4tzte Lesezeit":"5\u00a0Minuten"},"schema":{"@context":"https:\/\/schema.org","@graph":[{"@type":"Article","@id":"https:\/\/www.senzani.com\/de\/luisa-senzani-im-quirinalpalast-geehrt\/#article","isPartOf":{"@id":"https:\/\/www.senzani.com\/de\/luisa-senzani-im-quirinalpalast-geehrt\/"},"author":{"name":"Integra Solutions","@id":"https:\/\/www.senzani.com\/de\/#\/schema\/person\/0e7fcb21b63bc12f530deb91471560ba"},"headline":"Senzani-CEO mit prestigetr\u00e4chtigem Titel geehrt","datePublished":"2025-10-28T13:36:42+00:00","dateModified":"2025-11-24T11:26:21+00:00","mainEntityOfPage":{"@id":"https:\/\/www.senzani.com\/de\/luisa-senzani-im-quirinalpalast-geehrt\/"},"wordCount":191,"commentCount":0,"publisher":{"@id":"https:\/\/www.senzani.com\/de\/#organization"},"image":{"@id":"https:\/\/www.senzani.com\/de\/luisa-senzani-im-quirinalpalast-geehrt\/#primaryimage"},"thumbnailUrl":"https:\/\/www.senzani.com\/wp-content\/uploads\/2025\/10\/92737.jpg","articleSection":["News"],"inLanguage":"de","potentialAction":[{"@type":"CommentAction","name":"Comment","target":["https:\/\/www.senzani.com\/de\/luisa-senzani-im-quirinalpalast-geehrt\/#respond"]}]},{"@type":"WebPage","@id":"https:\/\/www.senzani.com\/de\/luisa-senzani-im-quirinalpalast-geehrt\/","url":"https:\/\/www.senzani.com\/de\/luisa-senzani-im-quirinalpalast-geehrt\/","name":"Senzani-CEO mit prestigetr\u00e4chtigem Titel geehrt | Senzani Brevetti","isPartOf":{"@id":"https:\/\/www.senzani.com\/de\/#website"},"primaryImageOfPage":{"@id":"https:\/\/www.senzani.com\/de\/luisa-senzani-im-quirinalpalast-geehrt\/#primaryimage"},"image":{"@id":"https:\/\/www.senzani.com\/de\/luisa-senzani-im-quirinalpalast-geehrt\/#primaryimage"},"thumbnailUrl":"https:\/\/www.senzani.com\/wp-content\/uploads\/2025\/10\/92737.jpg","datePublished":"2025-10-28T13:36:42+00:00","dateModified":"2025-11-24T11:26:21+00:00","description":"Luisa Quadalti Senzani, Enkelin des Gr\u00fcnders Iro, wurde vom Pr\u00e4sidenten der Italienischen Republik zur \u201eCavaliere del Lavoro\u201c ernannt","breadcrumb":{"@id":"https:\/\/www.senzani.com\/de\/luisa-senzani-im-quirinalpalast-geehrt\/#breadcrumb"},"inLanguage":"de","potentialAction":[{"@type":"ReadAction","target":["https:\/\/www.senzani.com\/de\/luisa-senzani-im-quirinalpalast-geehrt\/"]}]},{"@type":"ImageObject","inLanguage":"de","@id":"https:\/\/www.senzani.com\/de\/luisa-senzani-im-quirinalpalast-geehrt\/#primaryimage","url":"https:\/\/www.senzani.com\/wp-content\/uploads\/2025\/10\/92737.jpg","contentUrl":"https:\/\/www.senzani.com\/wp-content\/uploads\/2025\/10\/92737.jpg","width":1434,"height":956},{"@type":"BreadcrumbList","@id":"https:\/\/www.senzani.com\/de\/luisa-senzani-im-quirinalpalast-geehrt\/#breadcrumb","itemListElement":[{"@type":"ListItem","position":1,"name":"Home","item":"https:\/\/www.senzani.com\/de\/"},{"@type":"ListItem","position":2,"name":"Senzani-CEO mit prestigetr\u00e4chtigem Titel geehrt"}]},{"@type":"WebSite","@id":"https:\/\/www.senzani.com\/de\/#website","url":"https:\/\/www.senzani.com\/de\/","name":"Senzani Brevetti S.p.A.","description":"Leader nel settore delle macchine per imballaggi","publisher":{"@id":"https:\/\/www.senzani.com\/de\/#organization"},"potentialAction":[{"@type":"SearchAction","target":{"@type":"EntryPoint","urlTemplate":"https:\/\/www.senzani.com\/de\/?s={search_term_string}"},"query-input":{"@type":"PropertyValueSpecification","valueRequired":true,"valueName":"search_term_string"}}],"inLanguage":"de"},{"@type":"Organization","@id":"https:\/\/www.senzani.com\/de\/#organization","name":"Senzani Brevetti","url":"https:\/\/www.senzani.com\/de\/","logo":{"@type":"ImageObject","inLanguage":"de","@id":"https:\/\/www.senzani.com\/de\/#\/schema\/logo\/image\/","url":"https:\/\/www.senzani.com\/wp-content\/uploads\/2020\/03\/logo-senzani.png","contentUrl":"https:\/\/www.senzani.com\/wp-content\/uploads\/2020\/03\/logo-senzani.png","width":259,"height":71,"caption":"Senzani Brevetti"},"image":{"@id":"https:\/\/www.senzani.com\/de\/#\/schema\/logo\/image\/"}},{"@type":"Person","@id":"https:\/\/www.senzani.com\/de\/#\/schema\/person\/0e7fcb21b63bc12f530deb91471560ba","name":"Integra Solutions"}]}},"_links":{"self":[{"href":"https:\/\/www.senzani.com\/de\/wp-json\/wp\/v2\/posts\/28209","targetHints":{"allow":["GET"]}}],"collection":[{"href":"https:\/\/www.senzani.com\/de\/wp-json\/wp\/v2\/posts"}],"about":[{"href":"https:\/\/www.senzani.com\/de\/wp-json\/wp\/v2\/types\/post"}],"author":[{"embeddable":true,"href":"https:\/\/www.senzani.com\/de\/wp-json\/wp\/v2\/users\/2"}],"replies":[{"embeddable":true,"href":"https:\/\/www.senzani.com\/de\/wp-json\/wp\/v2\/comments?post=28209"}],"version-history":[{"count":5,"href":"https:\/\/www.senzani.com\/de\/wp-json\/wp\/v2\/posts\/28209\/revisions"}],"predecessor-version":[{"id":28268,"href":"https:\/\/www.senzani.com\/de\/wp-json\/wp\/v2\/posts\/28209\/revisions\/28268"}],"wp:featuredmedia":[{"embeddable":true,"href":"https:\/\/www.senzani.com\/de\/wp-json\/wp\/v2\/media\/28201"}],"wp:attachment":[{"href":"https:\/\/www.senzani.com\/de\/wp-json\/wp\/v2\/media?parent=28209"}],"wp:term":[{"taxonomy":"category","embeddable":true,"href":"https:\/\/www.senzani.com\/de\/wp-json\/wp\/v2\/categories?post=28209"},{"taxonomy":"post_tag","embeddable":true,"href":"https:\/\/www.senzani.com\/de\/wp-json\/wp\/v2\/tags?post=28209"}],"curies":[{"name":"wp","href":"https:\/\/api.w.org\/{rel}","templated":true}]}}