{"id":27425,"date":"2025-03-04T18:17:09","date_gmt":"2025-03-04T17:17:09","guid":{"rendered":"https:\/\/www.senzani.com\/?p=27425"},"modified":"2025-03-04T18:23:42","modified_gmt":"2025-03-04T17:23:42","slug":"senzani-im-ausland-der-spanische-markt","status":"publish","type":"post","link":"https:\/\/www.senzani.com\/de\/senzani-im-ausland-der-spanische-markt\/","title":{"rendered":"Ein neuer Partner f\u00fcr den spanischen Markt"},"content":{"rendered":"<p>Die spanische Agentur CIMA ist das j\u00fcngste Mitglied im Kreis der Agenturen, die mit Senzani zusammenarbeiten, und verf\u00fcgt \u00fcber mehr als 20 Jahre Erfahrung in dieser Branche. Wir haben ihren Direktor, <strong>Francisco Garc\u00eda<\/strong>, gebeten, uns mehr \u00fcber den spanischen Markt und seine Besonderheiten zu erz\u00e4hlen.<\/p>\n<p><strong>In welchen Bereichen sind Sie haupts\u00e4chlich t\u00e4tig?<\/strong><br \/>\nWir sind im Lebensmittelmarkt im Allgemeinen, in der Haushalts- und K\u00f6rperpflegeindustrie und im Bereich Tiernahrung t\u00e4tig.<\/p>\n<p><strong>Wer ist Ihre typische Kontaktperson?<\/strong><br \/>\nWir haben haupts\u00e4chlich mit technischen Abteilungen zu tun.<\/p>\n<p><strong>Wie sind Sie auf Senzani aufmerksam geworden und warum haben Sie das Unternehmen als Partner gew\u00e4hlt?<\/strong><br \/>\nWir haben seit mehr als 30 Jahren Referenzen von Senzani. Wir haben uns entschieden, mit Senzani zusammenzuarbeiten, weil es sich um ein stabiles Unternehmen mit einem guten Ruf handelt und weil es Cima erm\u00f6glicht, in neuen Bereichen zu arbeiten.<\/p>\n<p><strong>Wie k\u00f6nnen die Verpackungsl\u00f6sungen von Senzani auf Ihrem Markt wettbewerbsf\u00e4hig sein?<\/strong><br \/>\nIndem Sie bessere technische L\u00f6sungen anbieten als die Konkurrenz.<\/p>\n<p><strong>Welchen Ruf hat die Marke Senzani in Ihrem Gesch\u00e4ftsgebiet? <\/strong><br \/>\nSenzani gilt als zuverl\u00e4ssiger Maschinenhersteller mit einem etablierten Markennamen.<\/p>\n<p><strong>K\u00f6nnten Sie Senzani in zwei Worten beschreiben?<\/strong><br \/>\nZuverl\u00e4ssige Vertikal-Kartoniermaschinen.<\/p>\n<p><strong>Wie beurteilen Sie den Beginn dieser Partnerschaft?<\/strong><br \/>\nPositiv, mit ausgezeichneter Kommunikation und schnellen Antworten.<\/p>\n","protected":false},"excerpt":{"rendered":"<p>Die spanische Agentur CIMA ist das j\u00fcngste Mitglied im Kreis der Agenturen, die mit Senzani zusammenarbeiten, und verf\u00fcgt \u00fcber mehr als 20 Jahre Erfahrung in dieser Branche. Wir haben ihren Direktor, Francisco Garc\u00eda, gebeten, uns mehr \u00fcber den spanischen Markt und seine Besonderheiten zu erz\u00e4hlen. In welchen Bereichen sind Sie haupts\u00e4chlich t\u00e4tig? Wir sind im [&hellip;]<\/p>\n","protected":false},"author":2,"featured_media":27420,"comment_status":"open","ping_status":"open","sticky":false,"template":"","format":"standard","meta":{"_acf_changed":false,"content-type":"","footnotes":""},"categories":[136],"tags":[],"class_list":["post-27425","post","type-post","status-publish","format-standard","has-post-thumbnail","hentry","category-news"],"acf":[],"yoast_head":"<!-- This site is optimized with the Yoast SEO plugin v27.5 - https:\/\/yoast.com\/product\/yoast-seo-wordpress\/ -->\n<title>Ein neuer Partner f\u00fcr den spanischen Markt | Senzani Brevetti<\/title>\n<meta name=\"description\" content=\"Die spanische Agentur CIMA ist das j\u00fcngste Mitglied im Kreis der Agenturen, die mit Senzani zusammenarbeiten, und verf\u00fcgt \u00fcber mehr als 20...\" \/>\n<meta name=\"robots\" content=\"index, follow, max-snippet:-1, max-image-preview:large, max-video-preview:-1\" \/>\n<link rel=\"canonical\" href=\"https:\/\/www.senzani.com\/de\/senzani-im-ausland-der-spanische-markt\/\" \/>\n<meta property=\"og:locale\" content=\"de_DE\" \/>\n<meta property=\"og:type\" content=\"article\" \/>\n<meta property=\"og:title\" content=\"Ein neuer Partner f\u00fcr den spanischen Markt | Senzani Brevetti\" \/>\n<meta property=\"og:description\" content=\"Die spanische Agentur CIMA ist das j\u00fcngste Mitglied im Kreis der Agenturen, die mit Senzani zusammenarbeiten, und verf\u00fcgt \u00fcber mehr als 20...\" \/>\n<meta property=\"og:url\" content=\"https:\/\/www.senzani.com\/de\/senzani-im-ausland-der-spanische-markt\/\" \/>\n<meta property=\"og:site_name\" content=\"Senzani Brevetti S.p.A.\" \/>\n<meta property=\"article:published_time\" content=\"2025-03-04T17:17:09+00:00\" \/>\n<meta property=\"article:modified_time\" content=\"2025-03-04T17:23:42+00:00\" \/>\n<meta property=\"og:image\" content=\"https:\/\/www.senzani.com\/wp-content\/uploads\/2025\/03\/WhatsApp-Image-2025-02-28-at-16.44.26-scaled.jpeg\" \/>\n\t<meta property=\"og:image:width\" content=\"2560\" \/>\n\t<meta property=\"og:image:height\" content=\"1920\" \/>\n\t<meta property=\"og:image:type\" content=\"image\/jpeg\" \/>\n<meta name=\"author\" content=\"Integra Solutions\" \/>\n<meta name=\"twitter:card\" content=\"summary_large_image\" \/>\n<meta name=\"twitter:label1\" content=\"Verfasst von\" \/>\n\t<meta name=\"twitter:data1\" content=\"Integra Solutions\" \/>\n\t<meta name=\"twitter:label2\" content=\"Gesch\u00e4tzte Lesezeit\" \/>\n\t<meta name=\"twitter:data2\" content=\"1\u00a0Minute\" \/>\n<script type=\"application\/ld+json\" class=\"yoast-schema-graph\">{\"@context\":\"https:\\\/\\\/schema.org\",\"@graph\":[{\"@type\":\"Article\",\"@id\":\"https:\\\/\\\/www.senzani.com\\\/de\\\/senzani-im-ausland-der-spanische-markt\\\/#article\",\"isPartOf\":{\"@id\":\"https:\\\/\\\/www.senzani.com\\\/de\\\/senzani-im-ausland-der-spanische-markt\\\/\"},\"author\":{\"name\":\"Integra Solutions\",\"@id\":\"https:\\\/\\\/www.senzani.com\\\/de\\\/#\\\/schema\\\/person\\\/0e7fcb21b63bc12f530deb91471560ba\"},\"headline\":\"Ein neuer Partner f\u00fcr den spanischen Markt\",\"datePublished\":\"2025-03-04T17:17:09+00:00\",\"dateModified\":\"2025-03-04T17:23:42+00:00\",\"mainEntityOfPage\":{\"@id\":\"https:\\\/\\\/www.senzani.com\\\/de\\\/senzani-im-ausland-der-spanische-markt\\\/\"},\"wordCount\":222,\"commentCount\":0,\"publisher\":{\"@id\":\"https:\\\/\\\/www.senzani.com\\\/de\\\/#organization\"},\"image\":{\"@id\":\"https:\\\/\\\/www.senzani.com\\\/de\\\/senzani-im-ausland-der-spanische-markt\\\/#primaryimage\"},\"thumbnailUrl\":\"https:\\\/\\\/www.senzani.com\\\/wp-content\\\/uploads\\\/2025\\\/03\\\/WhatsApp-Image-2025-02-28-at-16.44.26-scaled.jpeg\",\"articleSection\":[\"News\"],\"inLanguage\":\"de\",\"potentialAction\":[{\"@type\":\"CommentAction\",\"name\":\"Comment\",\"target\":[\"https:\\\/\\\/www.senzani.com\\\/de\\\/senzani-im-ausland-der-spanische-markt\\\/#respond\"]}]},{\"@type\":\"WebPage\",\"@id\":\"https:\\\/\\\/www.senzani.com\\\/de\\\/senzani-im-ausland-der-spanische-markt\\\/\",\"url\":\"https:\\\/\\\/www.senzani.com\\\/de\\\/senzani-im-ausland-der-spanische-markt\\\/\",\"name\":\"Ein neuer Partner f\u00fcr den spanischen Markt | Senzani Brevetti\",\"isPartOf\":{\"@id\":\"https:\\\/\\\/www.senzani.com\\\/de\\\/#website\"},\"primaryImageOfPage\":{\"@id\":\"https:\\\/\\\/www.senzani.com\\\/de\\\/senzani-im-ausland-der-spanische-markt\\\/#primaryimage\"},\"image\":{\"@id\":\"https:\\\/\\\/www.senzani.com\\\/de\\\/senzani-im-ausland-der-spanische-markt\\\/#primaryimage\"},\"thumbnailUrl\":\"https:\\\/\\\/www.senzani.com\\\/wp-content\\\/uploads\\\/2025\\\/03\\\/WhatsApp-Image-2025-02-28-at-16.44.26-scaled.jpeg\",\"datePublished\":\"2025-03-04T17:17:09+00:00\",\"dateModified\":\"2025-03-04T17:23:42+00:00\",\"description\":\"Die spanische Agentur CIMA ist das j\u00fcngste Mitglied im Kreis der Agenturen, die mit Senzani zusammenarbeiten, und verf\u00fcgt \u00fcber mehr als 20...\",\"breadcrumb\":{\"@id\":\"https:\\\/\\\/www.senzani.com\\\/de\\\/senzani-im-ausland-der-spanische-markt\\\/#breadcrumb\"},\"inLanguage\":\"de\",\"potentialAction\":[{\"@type\":\"ReadAction\",\"target\":[\"https:\\\/\\\/www.senzani.com\\\/de\\\/senzani-im-ausland-der-spanische-markt\\\/\"]}]},{\"@type\":\"ImageObject\",\"inLanguage\":\"de\",\"@id\":\"https:\\\/\\\/www.senzani.com\\\/de\\\/senzani-im-ausland-der-spanische-markt\\\/#primaryimage\",\"url\":\"https:\\\/\\\/www.senzani.com\\\/wp-content\\\/uploads\\\/2025\\\/03\\\/WhatsApp-Image-2025-02-28-at-16.44.26-scaled.jpeg\",\"contentUrl\":\"https:\\\/\\\/www.senzani.com\\\/wp-content\\\/uploads\\\/2025\\\/03\\\/WhatsApp-Image-2025-02-28-at-16.44.26-scaled.jpeg\",\"width\":2560,\"height\":1920},{\"@type\":\"BreadcrumbList\",\"@id\":\"https:\\\/\\\/www.senzani.com\\\/de\\\/senzani-im-ausland-der-spanische-markt\\\/#breadcrumb\",\"itemListElement\":[{\"@type\":\"ListItem\",\"position\":1,\"name\":\"Home\",\"item\":\"https:\\\/\\\/www.senzani.com\\\/de\\\/\"},{\"@type\":\"ListItem\",\"position\":2,\"name\":\"Ein neuer Partner f\u00fcr den spanischen Markt\"}]},{\"@type\":\"WebSite\",\"@id\":\"https:\\\/\\\/www.senzani.com\\\/de\\\/#website\",\"url\":\"https:\\\/\\\/www.senzani.com\\\/de\\\/\",\"name\":\"Senzani Brevetti S.p.A.\",\"description\":\"Leader nel settore delle macchine per imballaggi\",\"publisher\":{\"@id\":\"https:\\\/\\\/www.senzani.com\\\/de\\\/#organization\"},\"potentialAction\":[{\"@type\":\"SearchAction\",\"target\":{\"@type\":\"EntryPoint\",\"urlTemplate\":\"https:\\\/\\\/www.senzani.com\\\/de\\\/?s={search_term_string}\"},\"query-input\":{\"@type\":\"PropertyValueSpecification\",\"valueRequired\":true,\"valueName\":\"search_term_string\"}}],\"inLanguage\":\"de\"},{\"@type\":\"Organization\",\"@id\":\"https:\\\/\\\/www.senzani.com\\\/de\\\/#organization\",\"name\":\"Senzani Brevetti\",\"url\":\"https:\\\/\\\/www.senzani.com\\\/de\\\/\",\"logo\":{\"@type\":\"ImageObject\",\"inLanguage\":\"de\",\"@id\":\"https:\\\/\\\/www.senzani.com\\\/de\\\/#\\\/schema\\\/logo\\\/image\\\/\",\"url\":\"https:\\\/\\\/www.senzani.com\\\/wp-content\\\/uploads\\\/2020\\\/03\\\/logo-senzani.png\",\"contentUrl\":\"https:\\\/\\\/www.senzani.com\\\/wp-content\\\/uploads\\\/2020\\\/03\\\/logo-senzani.png\",\"width\":259,\"height\":71,\"caption\":\"Senzani Brevetti\"},\"image\":{\"@id\":\"https:\\\/\\\/www.senzani.com\\\/de\\\/#\\\/schema\\\/logo\\\/image\\\/\"}},{\"@type\":\"Person\",\"@id\":\"https:\\\/\\\/www.senzani.com\\\/de\\\/#\\\/schema\\\/person\\\/0e7fcb21b63bc12f530deb91471560ba\",\"name\":\"Integra Solutions\"}]}<\/script>\n<!-- \/ Yoast SEO plugin. -->","yoast_head_json":{"title":"Ein neuer Partner f\u00fcr den spanischen Markt | Senzani Brevetti","description":"Die spanische Agentur CIMA ist das j\u00fcngste Mitglied im Kreis der Agenturen, die mit Senzani zusammenarbeiten, und verf\u00fcgt \u00fcber mehr als 20...","robots":{"index":"index","follow":"follow","max-snippet":"max-snippet:-1","max-image-preview":"max-image-preview:large","max-video-preview":"max-video-preview:-1"},"canonical":"https:\/\/www.senzani.com\/de\/senzani-im-ausland-der-spanische-markt\/","og_locale":"de_DE","og_type":"article","og_title":"Ein neuer Partner f\u00fcr den spanischen Markt | Senzani Brevetti","og_description":"Die spanische Agentur CIMA ist das j\u00fcngste Mitglied im Kreis der Agenturen, die mit Senzani zusammenarbeiten, und verf\u00fcgt \u00fcber mehr als 20...","og_url":"https:\/\/www.senzani.com\/de\/senzani-im-ausland-der-spanische-markt\/","og_site_name":"Senzani Brevetti S.p.A.","article_published_time":"2025-03-04T17:17:09+00:00","article_modified_time":"2025-03-04T17:23:42+00:00","og_image":[{"width":2560,"height":1920,"url":"https:\/\/www.senzani.com\/wp-content\/uploads\/2025\/03\/WhatsApp-Image-2025-02-28-at-16.44.26-scaled.jpeg","type":"image\/jpeg"}],"author":"Integra Solutions","twitter_card":"summary_large_image","twitter_misc":{"Verfasst von":"Integra Solutions","Gesch\u00e4tzte Lesezeit":"1\u00a0Minute"},"schema":{"@context":"https:\/\/schema.org","@graph":[{"@type":"Article","@id":"https:\/\/www.senzani.com\/de\/senzani-im-ausland-der-spanische-markt\/#article","isPartOf":{"@id":"https:\/\/www.senzani.com\/de\/senzani-im-ausland-der-spanische-markt\/"},"author":{"name":"Integra Solutions","@id":"https:\/\/www.senzani.com\/de\/#\/schema\/person\/0e7fcb21b63bc12f530deb91471560ba"},"headline":"Ein neuer Partner f\u00fcr den spanischen Markt","datePublished":"2025-03-04T17:17:09+00:00","dateModified":"2025-03-04T17:23:42+00:00","mainEntityOfPage":{"@id":"https:\/\/www.senzani.com\/de\/senzani-im-ausland-der-spanische-markt\/"},"wordCount":222,"commentCount":0,"publisher":{"@id":"https:\/\/www.senzani.com\/de\/#organization"},"image":{"@id":"https:\/\/www.senzani.com\/de\/senzani-im-ausland-der-spanische-markt\/#primaryimage"},"thumbnailUrl":"https:\/\/www.senzani.com\/wp-content\/uploads\/2025\/03\/WhatsApp-Image-2025-02-28-at-16.44.26-scaled.jpeg","articleSection":["News"],"inLanguage":"de","potentialAction":[{"@type":"CommentAction","name":"Comment","target":["https:\/\/www.senzani.com\/de\/senzani-im-ausland-der-spanische-markt\/#respond"]}]},{"@type":"WebPage","@id":"https:\/\/www.senzani.com\/de\/senzani-im-ausland-der-spanische-markt\/","url":"https:\/\/www.senzani.com\/de\/senzani-im-ausland-der-spanische-markt\/","name":"Ein neuer Partner f\u00fcr den spanischen Markt | Senzani Brevetti","isPartOf":{"@id":"https:\/\/www.senzani.com\/de\/#website"},"primaryImageOfPage":{"@id":"https:\/\/www.senzani.com\/de\/senzani-im-ausland-der-spanische-markt\/#primaryimage"},"image":{"@id":"https:\/\/www.senzani.com\/de\/senzani-im-ausland-der-spanische-markt\/#primaryimage"},"thumbnailUrl":"https:\/\/www.senzani.com\/wp-content\/uploads\/2025\/03\/WhatsApp-Image-2025-02-28-at-16.44.26-scaled.jpeg","datePublished":"2025-03-04T17:17:09+00:00","dateModified":"2025-03-04T17:23:42+00:00","description":"Die spanische Agentur CIMA ist das j\u00fcngste Mitglied im Kreis der Agenturen, die mit Senzani zusammenarbeiten, und verf\u00fcgt \u00fcber mehr als 20...","breadcrumb":{"@id":"https:\/\/www.senzani.com\/de\/senzani-im-ausland-der-spanische-markt\/#breadcrumb"},"inLanguage":"de","potentialAction":[{"@type":"ReadAction","target":["https:\/\/www.senzani.com\/de\/senzani-im-ausland-der-spanische-markt\/"]}]},{"@type":"ImageObject","inLanguage":"de","@id":"https:\/\/www.senzani.com\/de\/senzani-im-ausland-der-spanische-markt\/#primaryimage","url":"https:\/\/www.senzani.com\/wp-content\/uploads\/2025\/03\/WhatsApp-Image-2025-02-28-at-16.44.26-scaled.jpeg","contentUrl":"https:\/\/www.senzani.com\/wp-content\/uploads\/2025\/03\/WhatsApp-Image-2025-02-28-at-16.44.26-scaled.jpeg","width":2560,"height":1920},{"@type":"BreadcrumbList","@id":"https:\/\/www.senzani.com\/de\/senzani-im-ausland-der-spanische-markt\/#breadcrumb","itemListElement":[{"@type":"ListItem","position":1,"name":"Home","item":"https:\/\/www.senzani.com\/de\/"},{"@type":"ListItem","position":2,"name":"Ein neuer Partner f\u00fcr den spanischen Markt"}]},{"@type":"WebSite","@id":"https:\/\/www.senzani.com\/de\/#website","url":"https:\/\/www.senzani.com\/de\/","name":"Senzani Brevetti S.p.A.","description":"Leader nel settore delle macchine per imballaggi","publisher":{"@id":"https:\/\/www.senzani.com\/de\/#organization"},"potentialAction":[{"@type":"SearchAction","target":{"@type":"EntryPoint","urlTemplate":"https:\/\/www.senzani.com\/de\/?s={search_term_string}"},"query-input":{"@type":"PropertyValueSpecification","valueRequired":true,"valueName":"search_term_string"}}],"inLanguage":"de"},{"@type":"Organization","@id":"https:\/\/www.senzani.com\/de\/#organization","name":"Senzani Brevetti","url":"https:\/\/www.senzani.com\/de\/","logo":{"@type":"ImageObject","inLanguage":"de","@id":"https:\/\/www.senzani.com\/de\/#\/schema\/logo\/image\/","url":"https:\/\/www.senzani.com\/wp-content\/uploads\/2020\/03\/logo-senzani.png","contentUrl":"https:\/\/www.senzani.com\/wp-content\/uploads\/2020\/03\/logo-senzani.png","width":259,"height":71,"caption":"Senzani Brevetti"},"image":{"@id":"https:\/\/www.senzani.com\/de\/#\/schema\/logo\/image\/"}},{"@type":"Person","@id":"https:\/\/www.senzani.com\/de\/#\/schema\/person\/0e7fcb21b63bc12f530deb91471560ba","name":"Integra Solutions"}]}},"_links":{"self":[{"href":"https:\/\/www.senzani.com\/de\/wp-json\/wp\/v2\/posts\/27425","targetHints":{"allow":["GET"]}}],"collection":[{"href":"https:\/\/www.senzani.com\/de\/wp-json\/wp\/v2\/posts"}],"about":[{"href":"https:\/\/www.senzani.com\/de\/wp-json\/wp\/v2\/types\/post"}],"author":[{"embeddable":true,"href":"https:\/\/www.senzani.com\/de\/wp-json\/wp\/v2\/users\/2"}],"replies":[{"embeddable":true,"href":"https:\/\/www.senzani.com\/de\/wp-json\/wp\/v2\/comments?post=27425"}],"version-history":[{"count":1,"href":"https:\/\/www.senzani.com\/de\/wp-json\/wp\/v2\/posts\/27425\/revisions"}],"predecessor-version":[{"id":27426,"href":"https:\/\/www.senzani.com\/de\/wp-json\/wp\/v2\/posts\/27425\/revisions\/27426"}],"wp:featuredmedia":[{"embeddable":true,"href":"https:\/\/www.senzani.com\/de\/wp-json\/wp\/v2\/media\/27420"}],"wp:attachment":[{"href":"https:\/\/www.senzani.com\/de\/wp-json\/wp\/v2\/media?parent=27425"}],"wp:term":[{"taxonomy":"category","embeddable":true,"href":"https:\/\/www.senzani.com\/de\/wp-json\/wp\/v2\/categories?post=27425"},{"taxonomy":"post_tag","embeddable":true,"href":"https:\/\/www.senzani.com\/de\/wp-json\/wp\/v2\/tags?post=27425"}],"curies":[{"name":"wp","href":"https:\/\/api.w.org\/{rel}","templated":true}]}}