{"id":26326,"date":"2020-12-03T11:31:18","date_gmt":"2020-12-03T10:31:18","guid":{"rendered":"https:\/\/www.senzani.com\/senzani-in-the-world-the-german-market\/"},"modified":"2024-06-17T17:23:59","modified_gmt":"2024-06-17T15:23:59","slug":"senzani-im-ausland-deutschland","status":"publish","type":"post","link":"https:\/\/www.senzani.com\/de\/senzani-im-ausland-deutschland\/","title":{"rendered":"Senzani im Ausland: der deutsche Markt"},"content":{"rendered":"<p>Unsere virtuelle Reise um die Welt, um diejenigen kennenzulernen, die Senzani im Ausland vertreten, f\u00fchrt uns heute nach Deutschland: Wir sprechen mit Walter Bolenz (iwabo &#8211; Innovationsmanagement GmbH), der uns \u00fcber seine Beziehung und Erfahrung mit unserem Unternehmen berichtet.<\/p>\n<p><strong>Welches sind sie Hauptmerkmale des Marktes, auf dem Sie t\u00e4tig sind?<\/strong><\/p>\n<p>Ich habe mich haupts\u00e4chlich auf die Branchen Kaffee, Chemieprodukte, Metallkleinteile und S\u00fc\u00dfwaren konzentriert.<\/p>\n<p><strong>Wie sind Sie auf Senzani aufmerksam geworden und warum haben Sie das Unternehmen als Partner gew\u00e4hlt?<\/strong><\/p>\n<p>Der Name Senzani wurde mir sowohl von einem anderen deutschen Vertreter, den ich sehr sch\u00e4tze, als auch von einem Kunden genannt, zu dem ich eine vertrauensvolle und freundschaftliche Beziehung pflege.<\/p>\n<p><strong>Wie k\u00f6nnen die Verpackungsl\u00f6sungen von Senzani auf Ihrem Markt wettbewerbsf\u00e4hig sein?<\/strong><\/p>\n<p>Was das Produktpalette angeht, kann Senzani durchaus mit deutschen Anbietern mithalten. Die Kartonierl\u00f6sung \u201eProdukt in Faltschachtel\u201c ist sehr beliebt, alle Kunden sind sehr zufrieden. Die Konkurrenz ist nicht besonders gro\u00df, aber der Markt ist relativ klein. Was die Tray-\/Wrap-around- Packer betrifft, so ist der Markt riesig und die lokale Konkurrenz stark, so dass die Strategie darauf beruht, zuerst an bestehende Kunden zu verkaufen und End-of-Line-L\u00f6sungen mit Kartoniermaschinen zu kombinieren, so dass die Kunden die Technologie von Senzani kennen und zu sch\u00e4tzen lernen k\u00f6nnen.<\/p>\n<p><strong>Welchen Ruf hat die Marke Senzani in Ihrem Gesch\u00e4ftsgebiet? K\u00f6nnen Sie vielleicht 3 Adjektive nennen, die der deutsche Markt mit Senzani verbindet?<\/strong><\/p>\n<p>Das Feedback der bestehenden Kunden ist sehr positiv, insbesondere f\u00fcr Maschinen der VCM-Serie. Also: bew\u00e4hrte und vielversprechende Technik, Zuverl\u00e4ssigkeit. Dennoch gibt es immer noch viele Unternehmen auf dem deutschen Markt, die die Firma Senzani nicht kennen. Es gibt also noch viele Gelegenheiten, die wir nutzen k\u00f6nnen.<\/p>\n<p><strong>Welches Feedback haben die Verpackungsl\u00f6sungen von Senzani bisher erhalten?<\/strong><\/p>\n<p>2020 war aufgrund des Coronavirus nat\u00fcrlich ein schwieriges Jahr f\u00fcr jedes Start-up-Unternehmen. Trotzdem konnten wir dank des hohen Ansehens von Senzani und der innovativen Verpackungsl\u00f6sung, die wir angeboten haben, einen Vertrag mit einem gro\u00dfen Kaffeehersteller abschlie\u00dfen. Diese erste positive Erfahrung sollte uns dazu veranlassen, die St\u00e4rken von Senzani zu betonen und sie durch gezielte Marketingkampagnen bekannt zu machen, um so die Zahl unserer Kontakte auf dem deutschen Markt zu erh\u00f6hen.<\/p>\n<p><strong>Wie beurteilen Sie den Beginn dieser Zusammenarbeit?<\/strong><\/p>\n<p>Die Zusammenarbeit mit Senzani ist sehr positiv. Sie sind immer bereit, mir hilfreiche technische Antworten und Unterst\u00fctzung zu geben. Um den Besonderheiten der Kunden und der Sprache gerecht zu werden, sind die Angebote nun auf Deutsch verfasst, und es wurde auch ein telefonischer Kundendienst auf Deutsch eingerichtet. Mit diesen Voraussetzungen bin ich mir sicher, dass wir gute Ergebnisse erzielen werden.<\/p>\n","protected":false},"excerpt":{"rendered":"<p>Unsere virtuelle Reise um die Welt, um diejenigen kennenzulernen, die Senzani im Ausland vertreten, f\u00fchrt uns heute nach Deutschland: Wir sprechen mit Walter Bolenz (iwabo &#8211; Innovationsmanagement GmbH), der uns \u00fcber seine Beziehung und Erfahrung mit unserem Unternehmen berichtet. Welches sind sie Hauptmerkmale des Marktes, auf dem Sie t\u00e4tig sind? Ich habe mich haupts\u00e4chlich auf [&hellip;]<\/p>\n","protected":false},"author":2,"featured_media":22930,"comment_status":"open","ping_status":"open","sticky":false,"template":"","format":"standard","meta":{"_acf_changed":false,"content-type":"","footnotes":""},"categories":[136],"tags":[],"class_list":["post-26326","post","type-post","status-publish","format-standard","has-post-thumbnail","hentry","category-news"],"acf":[],"yoast_head":"<!-- This site is optimized with the Yoast SEO plugin v27.5 - https:\/\/yoast.com\/product\/yoast-seo-wordpress\/ -->\n<title>Senzani im Ausland: der deutsche Markt - Senzani Brevetti<\/title>\n<meta name=\"description\" content=\"Unsere virtuelle Reise zu den Vertretern von Senzani im Ausland f\u00fchrt uns nach Deutschland: Wir haben uns mit Walter Bolenz unterhalten\" \/>\n<meta name=\"robots\" content=\"index, follow, max-snippet:-1, max-image-preview:large, max-video-preview:-1\" \/>\n<link rel=\"canonical\" href=\"https:\/\/www.senzani.com\/de\/senzani-im-ausland-deutschland\/\" \/>\n<meta property=\"og:locale\" content=\"de_DE\" \/>\n<meta property=\"og:type\" content=\"article\" \/>\n<meta property=\"og:title\" content=\"Senzani im Ausland: der deutsche Markt - Senzani Brevetti\" \/>\n<meta property=\"og:description\" content=\"Unsere virtuelle Reise zu den Vertretern von Senzani im Ausland f\u00fchrt uns nach Deutschland: Wir haben uns mit Walter Bolenz unterhalten\" \/>\n<meta property=\"og:url\" content=\"https:\/\/www.senzani.com\/de\/senzani-im-ausland-deutschland\/\" \/>\n<meta property=\"og:site_name\" content=\"Senzani Brevetti S.p.A.\" \/>\n<meta property=\"article:published_time\" content=\"2020-12-03T10:31:18+00:00\" \/>\n<meta property=\"article:modified_time\" content=\"2024-06-17T15:23:59+00:00\" \/>\n<meta property=\"og:image\" content=\"https:\/\/www.senzani.com\/wp-content\/uploads\/2021\/02\/IMG_3811-news.jpg\" \/>\n\t<meta property=\"og:image:width\" content=\"860\" \/>\n\t<meta property=\"og:image:height\" content=\"484\" \/>\n\t<meta property=\"og:image:type\" content=\"image\/jpeg\" \/>\n<meta name=\"author\" content=\"Integra Solutions\" \/>\n<meta name=\"twitter:card\" content=\"summary_large_image\" \/>\n<meta name=\"twitter:label1\" content=\"Verfasst von\" \/>\n\t<meta name=\"twitter:data1\" content=\"Integra Solutions\" \/>\n\t<meta name=\"twitter:label2\" content=\"Gesch\u00e4tzte Lesezeit\" \/>\n\t<meta name=\"twitter:data2\" content=\"2\u00a0Minuten\" \/>\n<script type=\"application\/ld+json\" class=\"yoast-schema-graph\">{\"@context\":\"https:\\\/\\\/schema.org\",\"@graph\":[{\"@type\":\"Article\",\"@id\":\"https:\\\/\\\/www.senzani.com\\\/de\\\/senzani-im-ausland-deutschland\\\/#article\",\"isPartOf\":{\"@id\":\"https:\\\/\\\/www.senzani.com\\\/de\\\/senzani-im-ausland-deutschland\\\/\"},\"author\":{\"name\":\"Integra Solutions\",\"@id\":\"https:\\\/\\\/www.senzani.com\\\/de\\\/#\\\/schema\\\/person\\\/0e7fcb21b63bc12f530deb91471560ba\"},\"headline\":\"Senzani im Ausland: der deutsche Markt\",\"datePublished\":\"2020-12-03T10:31:18+00:00\",\"dateModified\":\"2024-06-17T15:23:59+00:00\",\"mainEntityOfPage\":{\"@id\":\"https:\\\/\\\/www.senzani.com\\\/de\\\/senzani-im-ausland-deutschland\\\/\"},\"wordCount\":450,\"commentCount\":0,\"publisher\":{\"@id\":\"https:\\\/\\\/www.senzani.com\\\/de\\\/#organization\"},\"image\":{\"@id\":\"https:\\\/\\\/www.senzani.com\\\/de\\\/senzani-im-ausland-deutschland\\\/#primaryimage\"},\"thumbnailUrl\":\"https:\\\/\\\/www.senzani.com\\\/wp-content\\\/uploads\\\/2021\\\/02\\\/IMG_3811-news.jpg\",\"articleSection\":[\"News\"],\"inLanguage\":\"de\",\"potentialAction\":[{\"@type\":\"CommentAction\",\"name\":\"Comment\",\"target\":[\"https:\\\/\\\/www.senzani.com\\\/de\\\/senzani-im-ausland-deutschland\\\/#respond\"]}]},{\"@type\":\"WebPage\",\"@id\":\"https:\\\/\\\/www.senzani.com\\\/de\\\/senzani-im-ausland-deutschland\\\/\",\"url\":\"https:\\\/\\\/www.senzani.com\\\/de\\\/senzani-im-ausland-deutschland\\\/\",\"name\":\"Senzani im Ausland: der deutsche Markt - Senzani Brevetti\",\"isPartOf\":{\"@id\":\"https:\\\/\\\/www.senzani.com\\\/de\\\/#website\"},\"primaryImageOfPage\":{\"@id\":\"https:\\\/\\\/www.senzani.com\\\/de\\\/senzani-im-ausland-deutschland\\\/#primaryimage\"},\"image\":{\"@id\":\"https:\\\/\\\/www.senzani.com\\\/de\\\/senzani-im-ausland-deutschland\\\/#primaryimage\"},\"thumbnailUrl\":\"https:\\\/\\\/www.senzani.com\\\/wp-content\\\/uploads\\\/2021\\\/02\\\/IMG_3811-news.jpg\",\"datePublished\":\"2020-12-03T10:31:18+00:00\",\"dateModified\":\"2024-06-17T15:23:59+00:00\",\"description\":\"Unsere virtuelle Reise zu den Vertretern von Senzani im Ausland f\u00fchrt uns nach Deutschland: Wir haben uns mit Walter Bolenz unterhalten\",\"breadcrumb\":{\"@id\":\"https:\\\/\\\/www.senzani.com\\\/de\\\/senzani-im-ausland-deutschland\\\/#breadcrumb\"},\"inLanguage\":\"de\",\"potentialAction\":[{\"@type\":\"ReadAction\",\"target\":[\"https:\\\/\\\/www.senzani.com\\\/de\\\/senzani-im-ausland-deutschland\\\/\"]}]},{\"@type\":\"ImageObject\",\"inLanguage\":\"de\",\"@id\":\"https:\\\/\\\/www.senzani.com\\\/de\\\/senzani-im-ausland-deutschland\\\/#primaryimage\",\"url\":\"https:\\\/\\\/www.senzani.com\\\/wp-content\\\/uploads\\\/2021\\\/02\\\/IMG_3811-news.jpg\",\"contentUrl\":\"https:\\\/\\\/www.senzani.com\\\/wp-content\\\/uploads\\\/2021\\\/02\\\/IMG_3811-news.jpg\",\"width\":860,\"height\":484},{\"@type\":\"BreadcrumbList\",\"@id\":\"https:\\\/\\\/www.senzani.com\\\/de\\\/senzani-im-ausland-deutschland\\\/#breadcrumb\",\"itemListElement\":[{\"@type\":\"ListItem\",\"position\":1,\"name\":\"Home\",\"item\":\"https:\\\/\\\/www.senzani.com\\\/de\\\/\"},{\"@type\":\"ListItem\",\"position\":2,\"name\":\"Senzani im Ausland: der deutsche Markt\"}]},{\"@type\":\"WebSite\",\"@id\":\"https:\\\/\\\/www.senzani.com\\\/de\\\/#website\",\"url\":\"https:\\\/\\\/www.senzani.com\\\/de\\\/\",\"name\":\"Senzani Brevetti S.p.A.\",\"description\":\"Leader nel settore delle macchine per imballaggi\",\"publisher\":{\"@id\":\"https:\\\/\\\/www.senzani.com\\\/de\\\/#organization\"},\"potentialAction\":[{\"@type\":\"SearchAction\",\"target\":{\"@type\":\"EntryPoint\",\"urlTemplate\":\"https:\\\/\\\/www.senzani.com\\\/de\\\/?s={search_term_string}\"},\"query-input\":{\"@type\":\"PropertyValueSpecification\",\"valueRequired\":true,\"valueName\":\"search_term_string\"}}],\"inLanguage\":\"de\"},{\"@type\":\"Organization\",\"@id\":\"https:\\\/\\\/www.senzani.com\\\/de\\\/#organization\",\"name\":\"Senzani Brevetti\",\"url\":\"https:\\\/\\\/www.senzani.com\\\/de\\\/\",\"logo\":{\"@type\":\"ImageObject\",\"inLanguage\":\"de\",\"@id\":\"https:\\\/\\\/www.senzani.com\\\/de\\\/#\\\/schema\\\/logo\\\/image\\\/\",\"url\":\"https:\\\/\\\/www.senzani.com\\\/wp-content\\\/uploads\\\/2020\\\/03\\\/logo-senzani.png\",\"contentUrl\":\"https:\\\/\\\/www.senzani.com\\\/wp-content\\\/uploads\\\/2020\\\/03\\\/logo-senzani.png\",\"width\":259,\"height\":71,\"caption\":\"Senzani Brevetti\"},\"image\":{\"@id\":\"https:\\\/\\\/www.senzani.com\\\/de\\\/#\\\/schema\\\/logo\\\/image\\\/\"}},{\"@type\":\"Person\",\"@id\":\"https:\\\/\\\/www.senzani.com\\\/de\\\/#\\\/schema\\\/person\\\/0e7fcb21b63bc12f530deb91471560ba\",\"name\":\"Integra Solutions\"}]}<\/script>\n<!-- \/ Yoast SEO plugin. -->","yoast_head_json":{"title":"Senzani im Ausland: der deutsche Markt - Senzani Brevetti","description":"Unsere virtuelle Reise zu den Vertretern von Senzani im Ausland f\u00fchrt uns nach Deutschland: Wir haben uns mit Walter Bolenz unterhalten","robots":{"index":"index","follow":"follow","max-snippet":"max-snippet:-1","max-image-preview":"max-image-preview:large","max-video-preview":"max-video-preview:-1"},"canonical":"https:\/\/www.senzani.com\/de\/senzani-im-ausland-deutschland\/","og_locale":"de_DE","og_type":"article","og_title":"Senzani im Ausland: der deutsche Markt - Senzani Brevetti","og_description":"Unsere virtuelle Reise zu den Vertretern von Senzani im Ausland f\u00fchrt uns nach Deutschland: Wir haben uns mit Walter Bolenz unterhalten","og_url":"https:\/\/www.senzani.com\/de\/senzani-im-ausland-deutschland\/","og_site_name":"Senzani Brevetti S.p.A.","article_published_time":"2020-12-03T10:31:18+00:00","article_modified_time":"2024-06-17T15:23:59+00:00","og_image":[{"width":860,"height":484,"url":"https:\/\/www.senzani.com\/wp-content\/uploads\/2021\/02\/IMG_3811-news.jpg","type":"image\/jpeg"}],"author":"Integra Solutions","twitter_card":"summary_large_image","twitter_misc":{"Verfasst von":"Integra Solutions","Gesch\u00e4tzte Lesezeit":"2\u00a0Minuten"},"schema":{"@context":"https:\/\/schema.org","@graph":[{"@type":"Article","@id":"https:\/\/www.senzani.com\/de\/senzani-im-ausland-deutschland\/#article","isPartOf":{"@id":"https:\/\/www.senzani.com\/de\/senzani-im-ausland-deutschland\/"},"author":{"name":"Integra Solutions","@id":"https:\/\/www.senzani.com\/de\/#\/schema\/person\/0e7fcb21b63bc12f530deb91471560ba"},"headline":"Senzani im Ausland: der deutsche Markt","datePublished":"2020-12-03T10:31:18+00:00","dateModified":"2024-06-17T15:23:59+00:00","mainEntityOfPage":{"@id":"https:\/\/www.senzani.com\/de\/senzani-im-ausland-deutschland\/"},"wordCount":450,"commentCount":0,"publisher":{"@id":"https:\/\/www.senzani.com\/de\/#organization"},"image":{"@id":"https:\/\/www.senzani.com\/de\/senzani-im-ausland-deutschland\/#primaryimage"},"thumbnailUrl":"https:\/\/www.senzani.com\/wp-content\/uploads\/2021\/02\/IMG_3811-news.jpg","articleSection":["News"],"inLanguage":"de","potentialAction":[{"@type":"CommentAction","name":"Comment","target":["https:\/\/www.senzani.com\/de\/senzani-im-ausland-deutschland\/#respond"]}]},{"@type":"WebPage","@id":"https:\/\/www.senzani.com\/de\/senzani-im-ausland-deutschland\/","url":"https:\/\/www.senzani.com\/de\/senzani-im-ausland-deutschland\/","name":"Senzani im Ausland: der deutsche Markt - Senzani Brevetti","isPartOf":{"@id":"https:\/\/www.senzani.com\/de\/#website"},"primaryImageOfPage":{"@id":"https:\/\/www.senzani.com\/de\/senzani-im-ausland-deutschland\/#primaryimage"},"image":{"@id":"https:\/\/www.senzani.com\/de\/senzani-im-ausland-deutschland\/#primaryimage"},"thumbnailUrl":"https:\/\/www.senzani.com\/wp-content\/uploads\/2021\/02\/IMG_3811-news.jpg","datePublished":"2020-12-03T10:31:18+00:00","dateModified":"2024-06-17T15:23:59+00:00","description":"Unsere virtuelle Reise zu den Vertretern von Senzani im Ausland f\u00fchrt uns nach Deutschland: Wir haben uns mit Walter Bolenz unterhalten","breadcrumb":{"@id":"https:\/\/www.senzani.com\/de\/senzani-im-ausland-deutschland\/#breadcrumb"},"inLanguage":"de","potentialAction":[{"@type":"ReadAction","target":["https:\/\/www.senzani.com\/de\/senzani-im-ausland-deutschland\/"]}]},{"@type":"ImageObject","inLanguage":"de","@id":"https:\/\/www.senzani.com\/de\/senzani-im-ausland-deutschland\/#primaryimage","url":"https:\/\/www.senzani.com\/wp-content\/uploads\/2021\/02\/IMG_3811-news.jpg","contentUrl":"https:\/\/www.senzani.com\/wp-content\/uploads\/2021\/02\/IMG_3811-news.jpg","width":860,"height":484},{"@type":"BreadcrumbList","@id":"https:\/\/www.senzani.com\/de\/senzani-im-ausland-deutschland\/#breadcrumb","itemListElement":[{"@type":"ListItem","position":1,"name":"Home","item":"https:\/\/www.senzani.com\/de\/"},{"@type":"ListItem","position":2,"name":"Senzani im Ausland: der deutsche Markt"}]},{"@type":"WebSite","@id":"https:\/\/www.senzani.com\/de\/#website","url":"https:\/\/www.senzani.com\/de\/","name":"Senzani Brevetti S.p.A.","description":"Leader nel settore delle macchine per imballaggi","publisher":{"@id":"https:\/\/www.senzani.com\/de\/#organization"},"potentialAction":[{"@type":"SearchAction","target":{"@type":"EntryPoint","urlTemplate":"https:\/\/www.senzani.com\/de\/?s={search_term_string}"},"query-input":{"@type":"PropertyValueSpecification","valueRequired":true,"valueName":"search_term_string"}}],"inLanguage":"de"},{"@type":"Organization","@id":"https:\/\/www.senzani.com\/de\/#organization","name":"Senzani Brevetti","url":"https:\/\/www.senzani.com\/de\/","logo":{"@type":"ImageObject","inLanguage":"de","@id":"https:\/\/www.senzani.com\/de\/#\/schema\/logo\/image\/","url":"https:\/\/www.senzani.com\/wp-content\/uploads\/2020\/03\/logo-senzani.png","contentUrl":"https:\/\/www.senzani.com\/wp-content\/uploads\/2020\/03\/logo-senzani.png","width":259,"height":71,"caption":"Senzani Brevetti"},"image":{"@id":"https:\/\/www.senzani.com\/de\/#\/schema\/logo\/image\/"}},{"@type":"Person","@id":"https:\/\/www.senzani.com\/de\/#\/schema\/person\/0e7fcb21b63bc12f530deb91471560ba","name":"Integra Solutions"}]}},"_links":{"self":[{"href":"https:\/\/www.senzani.com\/de\/wp-json\/wp\/v2\/posts\/26326","targetHints":{"allow":["GET"]}}],"collection":[{"href":"https:\/\/www.senzani.com\/de\/wp-json\/wp\/v2\/posts"}],"about":[{"href":"https:\/\/www.senzani.com\/de\/wp-json\/wp\/v2\/types\/post"}],"author":[{"embeddable":true,"href":"https:\/\/www.senzani.com\/de\/wp-json\/wp\/v2\/users\/2"}],"replies":[{"embeddable":true,"href":"https:\/\/www.senzani.com\/de\/wp-json\/wp\/v2\/comments?post=26326"}],"version-history":[{"count":2,"href":"https:\/\/www.senzani.com\/de\/wp-json\/wp\/v2\/posts\/26326\/revisions"}],"predecessor-version":[{"id":26363,"href":"https:\/\/www.senzani.com\/de\/wp-json\/wp\/v2\/posts\/26326\/revisions\/26363"}],"wp:featuredmedia":[{"embeddable":true,"href":"https:\/\/www.senzani.com\/de\/wp-json\/wp\/v2\/media\/22930"}],"wp:attachment":[{"href":"https:\/\/www.senzani.com\/de\/wp-json\/wp\/v2\/media?parent=26326"}],"wp:term":[{"taxonomy":"category","embeddable":true,"href":"https:\/\/www.senzani.com\/de\/wp-json\/wp\/v2\/categories?post=26326"},{"taxonomy":"post_tag","embeddable":true,"href":"https:\/\/www.senzani.com\/de\/wp-json\/wp\/v2\/tags?post=26326"}],"curies":[{"name":"wp","href":"https:\/\/api.w.org\/{rel}","templated":true}]}}