{"id":23174,"date":"2021-12-15T15:21:07","date_gmt":"2021-12-15T14:21:07","guid":{"rendered":"https:\/\/www.senzani.com\/0mnia-conquista-cellini\/"},"modified":"2024-06-07T16:23:46","modified_gmt":"2024-06-07T14:23:46","slug":"0mnia-erobert-cellini","status":"publish","type":"post","link":"https:\/\/www.senzani.com\/de\/0mnia-erobert-cellini\/","title":{"rendered":"0MNIA \u00fcberzeugt Cellini: Das Unternehmen entscheidet sich erneut f\u00fcr Senzani-Linien"},"content":{"rendered":"<p>Die Zusammenarbeit zwischen Senzani und <strong>Cellini Caff\u00e8<\/strong> wird erfolgreich fortgesetzt. Cellini, eine der f\u00fchrenden Marken im Premiumkaffeebereich nicht nur in Italien, sondern auch im Ausland, wo sie in mehr als 35 L\u00e4ndern vertrieben wird, hat Senzani mit der Lieferung <strong>einer neuen kompletten Linie f\u00fcr die Verpackung von Aluminiumkaffeekapseln<\/strong> beauftragt, die auf die beiden bereits im Jahr 2015 erworbenen folgt.<\/p>\n<p>Cellini wurde von der Technologief\u00fchrerschaft und der 20-j\u00e4hrigen Erfahrung von Senzani in diesem Sektor \u00fcberzeugt. Diese Aspekte werden gut von <strong style=\"font-family: inherit; font-size: inherit; font-style: inherit; font-variant-ligatures: inherit; font-variant-caps: inherit;\"><a href=\"https:\/\/www.senzani.com\/de\/kartonierung-kaffeekapseln\/\" target=\"_blank\" rel=\"noopener\">OMNIA<\/a>, <\/strong><strong>dem revolution\u00e4ren \u201eall-in-one\u201c-Kartonierer von Senzani verk\u00f6rpert, der in der Lage ist, Kapseln in allen m\u00f6glichen Konfigurationen und Schachtelarten zu verpacken<\/strong>.<\/p>\n<p>Das von Cellini erworbene Modell kann<strong> pro Minute ca. 600 Nespresso\u00ae-kompatible Aluminiumkapseln<\/strong> verarbeiten, einschlie\u00dflich des Handlings der Zwischenlagen und der Kapsel-Einsetzlagen, und <strong>bis zu 60 Faltschachteln<\/strong> fertigen. Die Vielseitigkeit dieses Modells zeigt sich darin, dass es drei verschiedene Faltschachtelformate behandeln kann, wobei der Formatwechsel \u00e4u\u00dferst intuitiv und schnell erfolgt (30 Minuten). <strong>Hinzu kommen die technischen L\u00f6sungen, die entwickelt und patentiert wurden, um die Aluminiumkapseln mit \u00e4u\u00dferster Sorgfalt zu handhaben<\/strong>: Die Kapseln werden w\u00e4hrend des gesamten Prozesses gef\u00fchrt, ohne dass sie aneinandersto\u00dfen k\u00f6nnen, und werden mittels eines speziell entwickelten Saugkopfes in die Faltschachtel eingef\u00fchrt.<br \/>\nWenn man dann noch den geringen Platzbedarf dieser Maschine bedenkt, ist der 0MNIA-Kartonierer wirklich die ideale L\u00f6sung f\u00fcr eine moderne Produktionsanlage.<\/p>\n<p>Die bereits im Cellini-Werk in Genua-Bolzaneto in Betrieb befindliche Kartoniermaschine wird durch einen <strong>Wrap-Around-Sammelpacker (Modell CPWA6)<\/strong> erg\u00e4nzt, der <strong>bis zu 6 Kartons pro Minute<\/strong> in ebenso vielen Formaten wie der 0MNIA-Kartonierer fertigen kann.<\/p>\n<p>&nbsp;<\/p>\n","protected":false},"excerpt":{"rendered":"<p>Die Zusammenarbeit zwischen Senzani und Cellini Caff\u00e8 wird erfolgreich fortgesetzt. Cellini, eine der f\u00fchrenden Marken im Premiumkaffeebereich nicht nur in Italien, sondern auch im Ausland, wo sie in mehr als 35 L\u00e4ndern vertrieben wird, hat Senzani mit der Lieferung einer neuen kompletten Linie f\u00fcr die Verpackung von Aluminiumkaffeekapseln beauftragt, die auf die beiden bereits im [&hellip;]<\/p>\n","protected":false},"author":2,"featured_media":23052,"comment_status":"open","ping_status":"open","sticky":false,"template":"","format":"standard","meta":{"_acf_changed":false,"content-type":"","footnotes":""},"categories":[136],"tags":[],"class_list":["post-23174","post","type-post","status-publish","format-standard","has-post-thumbnail","hentry","category-news"],"acf":[],"yoast_head":"<!-- This site is optimized with the Yoast SEO plugin v27.5 - https:\/\/yoast.com\/product\/yoast-seo-wordpress\/ -->\n<title>0MNIA erobert Cellini: Eine neue Anlage wurde installiert| Senzani Brevetti<\/title>\n<meta name=\"description\" content=\"Eine neue komplette Linie f\u00fcr das Verpacken von Aluminium-Kaffeekapseln kommt zu den beiden bereits 2015 von Cellini erworbenen hinzu\" \/>\n<meta name=\"robots\" content=\"index, follow, max-snippet:-1, max-image-preview:large, max-video-preview:-1\" \/>\n<link rel=\"canonical\" href=\"https:\/\/www.senzani.com\/de\/0mnia-erobert-cellini\/\" \/>\n<meta property=\"og:locale\" content=\"de_DE\" \/>\n<meta property=\"og:type\" content=\"article\" \/>\n<meta property=\"og:title\" content=\"0MNIA erobert Cellini: Eine neue Anlage wurde installiert| Senzani Brevetti\" \/>\n<meta property=\"og:description\" content=\"Eine neue komplette Linie f\u00fcr das Verpacken von Aluminium-Kaffeekapseln kommt zu den beiden bereits 2015 von Cellini erworbenen hinzu\" \/>\n<meta property=\"og:url\" content=\"https:\/\/www.senzani.com\/de\/0mnia-erobert-cellini\/\" \/>\n<meta property=\"og:site_name\" content=\"Senzani Brevetti S.p.A.\" \/>\n<meta property=\"article:published_time\" content=\"2021-12-15T14:21:07+00:00\" \/>\n<meta property=\"article:modified_time\" content=\"2024-06-07T14:23:46+00:00\" \/>\n<meta property=\"og:image\" content=\"https:\/\/www.senzani.com\/wp-content\/uploads\/2021\/12\/0MNIA-Cellini-News-sito.jpg\" \/>\n\t<meta property=\"og:image:width\" content=\"860\" \/>\n\t<meta property=\"og:image:height\" content=\"484\" \/>\n\t<meta property=\"og:image:type\" content=\"image\/jpeg\" \/>\n<meta name=\"author\" content=\"Integra Solutions\" \/>\n<meta name=\"twitter:card\" content=\"summary_large_image\" \/>\n<meta name=\"twitter:label1\" content=\"Verfasst von\" \/>\n\t<meta name=\"twitter:data1\" content=\"Integra Solutions\" \/>\n\t<meta name=\"twitter:label2\" content=\"Gesch\u00e4tzte Lesezeit\" \/>\n\t<meta name=\"twitter:data2\" content=\"2\u00a0Minuten\" \/>\n<script type=\"application\/ld+json\" class=\"yoast-schema-graph\">{\"@context\":\"https:\\\/\\\/schema.org\",\"@graph\":[{\"@type\":\"Article\",\"@id\":\"https:\\\/\\\/www.senzani.com\\\/de\\\/0mnia-erobert-cellini\\\/#article\",\"isPartOf\":{\"@id\":\"https:\\\/\\\/www.senzani.com\\\/de\\\/0mnia-erobert-cellini\\\/\"},\"author\":{\"name\":\"Integra Solutions\",\"@id\":\"https:\\\/\\\/www.senzani.com\\\/de\\\/#\\\/schema\\\/person\\\/0e7fcb21b63bc12f530deb91471560ba\"},\"headline\":\"0MNIA \u00fcberzeugt Cellini: Das Unternehmen entscheidet sich erneut f\u00fcr Senzani-Linien\",\"datePublished\":\"2021-12-15T14:21:07+00:00\",\"dateModified\":\"2024-06-07T14:23:46+00:00\",\"mainEntityOfPage\":{\"@id\":\"https:\\\/\\\/www.senzani.com\\\/de\\\/0mnia-erobert-cellini\\\/\"},\"wordCount\":275,\"commentCount\":0,\"publisher\":{\"@id\":\"https:\\\/\\\/www.senzani.com\\\/de\\\/#organization\"},\"image\":{\"@id\":\"https:\\\/\\\/www.senzani.com\\\/de\\\/0mnia-erobert-cellini\\\/#primaryimage\"},\"thumbnailUrl\":\"https:\\\/\\\/www.senzani.com\\\/wp-content\\\/uploads\\\/2021\\\/12\\\/0MNIA-Cellini-News-sito.jpg\",\"articleSection\":[\"News\"],\"inLanguage\":\"de\",\"potentialAction\":[{\"@type\":\"CommentAction\",\"name\":\"Comment\",\"target\":[\"https:\\\/\\\/www.senzani.com\\\/de\\\/0mnia-erobert-cellini\\\/#respond\"]}]},{\"@type\":\"WebPage\",\"@id\":\"https:\\\/\\\/www.senzani.com\\\/de\\\/0mnia-erobert-cellini\\\/\",\"url\":\"https:\\\/\\\/www.senzani.com\\\/de\\\/0mnia-erobert-cellini\\\/\",\"name\":\"0MNIA erobert Cellini: Eine neue Anlage wurde installiert| Senzani Brevetti\",\"isPartOf\":{\"@id\":\"https:\\\/\\\/www.senzani.com\\\/de\\\/#website\"},\"primaryImageOfPage\":{\"@id\":\"https:\\\/\\\/www.senzani.com\\\/de\\\/0mnia-erobert-cellini\\\/#primaryimage\"},\"image\":{\"@id\":\"https:\\\/\\\/www.senzani.com\\\/de\\\/0mnia-erobert-cellini\\\/#primaryimage\"},\"thumbnailUrl\":\"https:\\\/\\\/www.senzani.com\\\/wp-content\\\/uploads\\\/2021\\\/12\\\/0MNIA-Cellini-News-sito.jpg\",\"datePublished\":\"2021-12-15T14:21:07+00:00\",\"dateModified\":\"2024-06-07T14:23:46+00:00\",\"description\":\"Eine neue komplette Linie f\u00fcr das Verpacken von Aluminium-Kaffeekapseln kommt zu den beiden bereits 2015 von Cellini erworbenen hinzu\",\"breadcrumb\":{\"@id\":\"https:\\\/\\\/www.senzani.com\\\/de\\\/0mnia-erobert-cellini\\\/#breadcrumb\"},\"inLanguage\":\"de\",\"potentialAction\":[{\"@type\":\"ReadAction\",\"target\":[\"https:\\\/\\\/www.senzani.com\\\/de\\\/0mnia-erobert-cellini\\\/\"]}]},{\"@type\":\"ImageObject\",\"inLanguage\":\"de\",\"@id\":\"https:\\\/\\\/www.senzani.com\\\/de\\\/0mnia-erobert-cellini\\\/#primaryimage\",\"url\":\"https:\\\/\\\/www.senzani.com\\\/wp-content\\\/uploads\\\/2021\\\/12\\\/0MNIA-Cellini-News-sito.jpg\",\"contentUrl\":\"https:\\\/\\\/www.senzani.com\\\/wp-content\\\/uploads\\\/2021\\\/12\\\/0MNIA-Cellini-News-sito.jpg\",\"width\":860,\"height\":484},{\"@type\":\"BreadcrumbList\",\"@id\":\"https:\\\/\\\/www.senzani.com\\\/de\\\/0mnia-erobert-cellini\\\/#breadcrumb\",\"itemListElement\":[{\"@type\":\"ListItem\",\"position\":1,\"name\":\"Home\",\"item\":\"https:\\\/\\\/www.senzani.com\\\/de\\\/\"},{\"@type\":\"ListItem\",\"position\":2,\"name\":\"0MNIA \u00fcberzeugt Cellini: Das Unternehmen entscheidet sich erneut f\u00fcr Senzani-Linien\"}]},{\"@type\":\"WebSite\",\"@id\":\"https:\\\/\\\/www.senzani.com\\\/de\\\/#website\",\"url\":\"https:\\\/\\\/www.senzani.com\\\/de\\\/\",\"name\":\"Senzani Brevetti S.p.A.\",\"description\":\"Leader nel settore delle macchine per imballaggi\",\"publisher\":{\"@id\":\"https:\\\/\\\/www.senzani.com\\\/de\\\/#organization\"},\"potentialAction\":[{\"@type\":\"SearchAction\",\"target\":{\"@type\":\"EntryPoint\",\"urlTemplate\":\"https:\\\/\\\/www.senzani.com\\\/de\\\/?s={search_term_string}\"},\"query-input\":{\"@type\":\"PropertyValueSpecification\",\"valueRequired\":true,\"valueName\":\"search_term_string\"}}],\"inLanguage\":\"de\"},{\"@type\":\"Organization\",\"@id\":\"https:\\\/\\\/www.senzani.com\\\/de\\\/#organization\",\"name\":\"Senzani Brevetti\",\"url\":\"https:\\\/\\\/www.senzani.com\\\/de\\\/\",\"logo\":{\"@type\":\"ImageObject\",\"inLanguage\":\"de\",\"@id\":\"https:\\\/\\\/www.senzani.com\\\/de\\\/#\\\/schema\\\/logo\\\/image\\\/\",\"url\":\"https:\\\/\\\/www.senzani.com\\\/wp-content\\\/uploads\\\/2020\\\/03\\\/logo-senzani.png\",\"contentUrl\":\"https:\\\/\\\/www.senzani.com\\\/wp-content\\\/uploads\\\/2020\\\/03\\\/logo-senzani.png\",\"width\":259,\"height\":71,\"caption\":\"Senzani Brevetti\"},\"image\":{\"@id\":\"https:\\\/\\\/www.senzani.com\\\/de\\\/#\\\/schema\\\/logo\\\/image\\\/\"}},{\"@type\":\"Person\",\"@id\":\"https:\\\/\\\/www.senzani.com\\\/de\\\/#\\\/schema\\\/person\\\/0e7fcb21b63bc12f530deb91471560ba\",\"name\":\"Integra Solutions\"}]}<\/script>\n<!-- \/ Yoast SEO plugin. -->","yoast_head_json":{"title":"0MNIA erobert Cellini: Eine neue Anlage wurde installiert| Senzani Brevetti","description":"Eine neue komplette Linie f\u00fcr das Verpacken von Aluminium-Kaffeekapseln kommt zu den beiden bereits 2015 von Cellini erworbenen hinzu","robots":{"index":"index","follow":"follow","max-snippet":"max-snippet:-1","max-image-preview":"max-image-preview:large","max-video-preview":"max-video-preview:-1"},"canonical":"https:\/\/www.senzani.com\/de\/0mnia-erobert-cellini\/","og_locale":"de_DE","og_type":"article","og_title":"0MNIA erobert Cellini: Eine neue Anlage wurde installiert| Senzani Brevetti","og_description":"Eine neue komplette Linie f\u00fcr das Verpacken von Aluminium-Kaffeekapseln kommt zu den beiden bereits 2015 von Cellini erworbenen hinzu","og_url":"https:\/\/www.senzani.com\/de\/0mnia-erobert-cellini\/","og_site_name":"Senzani Brevetti S.p.A.","article_published_time":"2021-12-15T14:21:07+00:00","article_modified_time":"2024-06-07T14:23:46+00:00","og_image":[{"width":860,"height":484,"url":"https:\/\/www.senzani.com\/wp-content\/uploads\/2021\/12\/0MNIA-Cellini-News-sito.jpg","type":"image\/jpeg"}],"author":"Integra Solutions","twitter_card":"summary_large_image","twitter_misc":{"Verfasst von":"Integra Solutions","Gesch\u00e4tzte Lesezeit":"2\u00a0Minuten"},"schema":{"@context":"https:\/\/schema.org","@graph":[{"@type":"Article","@id":"https:\/\/www.senzani.com\/de\/0mnia-erobert-cellini\/#article","isPartOf":{"@id":"https:\/\/www.senzani.com\/de\/0mnia-erobert-cellini\/"},"author":{"name":"Integra Solutions","@id":"https:\/\/www.senzani.com\/de\/#\/schema\/person\/0e7fcb21b63bc12f530deb91471560ba"},"headline":"0MNIA \u00fcberzeugt Cellini: Das Unternehmen entscheidet sich erneut f\u00fcr Senzani-Linien","datePublished":"2021-12-15T14:21:07+00:00","dateModified":"2024-06-07T14:23:46+00:00","mainEntityOfPage":{"@id":"https:\/\/www.senzani.com\/de\/0mnia-erobert-cellini\/"},"wordCount":275,"commentCount":0,"publisher":{"@id":"https:\/\/www.senzani.com\/de\/#organization"},"image":{"@id":"https:\/\/www.senzani.com\/de\/0mnia-erobert-cellini\/#primaryimage"},"thumbnailUrl":"https:\/\/www.senzani.com\/wp-content\/uploads\/2021\/12\/0MNIA-Cellini-News-sito.jpg","articleSection":["News"],"inLanguage":"de","potentialAction":[{"@type":"CommentAction","name":"Comment","target":["https:\/\/www.senzani.com\/de\/0mnia-erobert-cellini\/#respond"]}]},{"@type":"WebPage","@id":"https:\/\/www.senzani.com\/de\/0mnia-erobert-cellini\/","url":"https:\/\/www.senzani.com\/de\/0mnia-erobert-cellini\/","name":"0MNIA erobert Cellini: Eine neue Anlage wurde installiert| Senzani Brevetti","isPartOf":{"@id":"https:\/\/www.senzani.com\/de\/#website"},"primaryImageOfPage":{"@id":"https:\/\/www.senzani.com\/de\/0mnia-erobert-cellini\/#primaryimage"},"image":{"@id":"https:\/\/www.senzani.com\/de\/0mnia-erobert-cellini\/#primaryimage"},"thumbnailUrl":"https:\/\/www.senzani.com\/wp-content\/uploads\/2021\/12\/0MNIA-Cellini-News-sito.jpg","datePublished":"2021-12-15T14:21:07+00:00","dateModified":"2024-06-07T14:23:46+00:00","description":"Eine neue komplette Linie f\u00fcr das Verpacken von Aluminium-Kaffeekapseln kommt zu den beiden bereits 2015 von Cellini erworbenen hinzu","breadcrumb":{"@id":"https:\/\/www.senzani.com\/de\/0mnia-erobert-cellini\/#breadcrumb"},"inLanguage":"de","potentialAction":[{"@type":"ReadAction","target":["https:\/\/www.senzani.com\/de\/0mnia-erobert-cellini\/"]}]},{"@type":"ImageObject","inLanguage":"de","@id":"https:\/\/www.senzani.com\/de\/0mnia-erobert-cellini\/#primaryimage","url":"https:\/\/www.senzani.com\/wp-content\/uploads\/2021\/12\/0MNIA-Cellini-News-sito.jpg","contentUrl":"https:\/\/www.senzani.com\/wp-content\/uploads\/2021\/12\/0MNIA-Cellini-News-sito.jpg","width":860,"height":484},{"@type":"BreadcrumbList","@id":"https:\/\/www.senzani.com\/de\/0mnia-erobert-cellini\/#breadcrumb","itemListElement":[{"@type":"ListItem","position":1,"name":"Home","item":"https:\/\/www.senzani.com\/de\/"},{"@type":"ListItem","position":2,"name":"0MNIA \u00fcberzeugt Cellini: Das Unternehmen entscheidet sich erneut f\u00fcr Senzani-Linien"}]},{"@type":"WebSite","@id":"https:\/\/www.senzani.com\/de\/#website","url":"https:\/\/www.senzani.com\/de\/","name":"Senzani Brevetti S.p.A.","description":"Leader nel settore delle macchine per imballaggi","publisher":{"@id":"https:\/\/www.senzani.com\/de\/#organization"},"potentialAction":[{"@type":"SearchAction","target":{"@type":"EntryPoint","urlTemplate":"https:\/\/www.senzani.com\/de\/?s={search_term_string}"},"query-input":{"@type":"PropertyValueSpecification","valueRequired":true,"valueName":"search_term_string"}}],"inLanguage":"de"},{"@type":"Organization","@id":"https:\/\/www.senzani.com\/de\/#organization","name":"Senzani Brevetti","url":"https:\/\/www.senzani.com\/de\/","logo":{"@type":"ImageObject","inLanguage":"de","@id":"https:\/\/www.senzani.com\/de\/#\/schema\/logo\/image\/","url":"https:\/\/www.senzani.com\/wp-content\/uploads\/2020\/03\/logo-senzani.png","contentUrl":"https:\/\/www.senzani.com\/wp-content\/uploads\/2020\/03\/logo-senzani.png","width":259,"height":71,"caption":"Senzani Brevetti"},"image":{"@id":"https:\/\/www.senzani.com\/de\/#\/schema\/logo\/image\/"}},{"@type":"Person","@id":"https:\/\/www.senzani.com\/de\/#\/schema\/person\/0e7fcb21b63bc12f530deb91471560ba","name":"Integra Solutions"}]}},"_links":{"self":[{"href":"https:\/\/www.senzani.com\/de\/wp-json\/wp\/v2\/posts\/23174","targetHints":{"allow":["GET"]}}],"collection":[{"href":"https:\/\/www.senzani.com\/de\/wp-json\/wp\/v2\/posts"}],"about":[{"href":"https:\/\/www.senzani.com\/de\/wp-json\/wp\/v2\/types\/post"}],"author":[{"embeddable":true,"href":"https:\/\/www.senzani.com\/de\/wp-json\/wp\/v2\/users\/2"}],"replies":[{"embeddable":true,"href":"https:\/\/www.senzani.com\/de\/wp-json\/wp\/v2\/comments?post=23174"}],"version-history":[{"count":2,"href":"https:\/\/www.senzani.com\/de\/wp-json\/wp\/v2\/posts\/23174\/revisions"}],"predecessor-version":[{"id":24126,"href":"https:\/\/www.senzani.com\/de\/wp-json\/wp\/v2\/posts\/23174\/revisions\/24126"}],"wp:featuredmedia":[{"embeddable":true,"href":"https:\/\/www.senzani.com\/de\/wp-json\/wp\/v2\/media\/23052"}],"wp:attachment":[{"href":"https:\/\/www.senzani.com\/de\/wp-json\/wp\/v2\/media?parent=23174"}],"wp:term":[{"taxonomy":"category","embeddable":true,"href":"https:\/\/www.senzani.com\/de\/wp-json\/wp\/v2\/categories?post=23174"},{"taxonomy":"post_tag","embeddable":true,"href":"https:\/\/www.senzani.com\/de\/wp-json\/wp\/v2\/tags?post=23174"}],"curies":[{"name":"wp","href":"https:\/\/api.w.org\/{rel}","templated":true}]}}